{"id":14849,"date":"2024-06-06T18:35:25","date_gmt":"2024-06-06T18:35:25","guid":{"rendered":"https:\/\/radiocresatelital.com\/?p=14849"},"modified":"2024-06-06T18:35:25","modified_gmt":"2024-06-06T18:35:25","slug":"msp-fortalece-conocimientos-para-el-fomento-de-practicas-saludables-individuales-y-colectivas","status":"publish","type":"post","link":"https:\/\/radiocresatelital.com\/?p=14849","title":{"rendered":"MSP fortalece conocimientos para el fomento de pr\u00e1cticas saludables individuales y colectivas"},"content":{"rendered":"<p>Quito.-\u00a0Para fortalecer las capacidades t\u00e9cnicas del personal encargado de la implementaci\u00f3n de salud en el trabajo de centros p\u00fablicos y privados del pa\u00eds, esta cartera de Estado, desarrolla el taller nacional de Promoci\u00f3n de la Salud en el Trabajo.<\/p>\n<p>El objetivo de la capacitaci\u00f3n, que durar\u00e1 tres d\u00edas, es fortalecer las competencias t\u00e9cnicas del personal desconcentrado del Ministerio de Salud P\u00fablica (MSP) para que puedan acompa\u00f1ar a los centros de trabajo p\u00fablicos y privados en la correcta implementaci\u00f3n del Acuerdo Ministerial 049-2022, Reglamento de Promoci\u00f3n de la Salud en el Trabajo.<\/p>\n<p>Este Reglamento busca promover la participaci\u00f3n de los empleadores a trav\u00e9s del compromiso para la aplicaci\u00f3n de pr\u00e1cticas saludables durante la jornada laboral. Incentiva la realizaci\u00f3n de actividad f\u00edsica, alimentaci\u00f3n saludable, abandono del consumo de tabaco, alcohol y otras drogas. Promueve la salud mental, la salud sexual y salud reproductiva segura en centros de trabajo con 25 personas o m\u00e1s.<\/p>\n<p>Lorena Guti\u00e9rrez, directora Nacional de Promoci\u00f3n de la Salud, durante la bienvenida al encuentro, expres\u00f3 \u00abla promoci\u00f3n de la salud busca el bienestar general de la sociedad y cumplir con los objetivos estrat\u00e9gicos como mejorar las condiciones de vida de la poblaci\u00f3n y lograr una equidad sanitaria, etc.\u00bb.<\/p>\n<p>Este documento normativo, a su vez, genera el abordaje integral de peligros y riesgos en los puestos de trabajo, la disminuci\u00f3n de accidentes laborales y la prevenci\u00f3n de enfermedades profesionales debido a la exposici\u00f3n de agentes f\u00edsicos, qu\u00edmicos, biol\u00f3gicos, factores ergon\u00f3micos y psicosociales.<\/p>\n<p>Las disposiciones del presente Reglamento son de cumplimiento obligatorio por los empleadores y poblaci\u00f3n trabajadora de los centros de trabajo tanto del sector p\u00fablico como del sector privado a nivel nacional.<\/p>\n<p>Jos\u00e9 Mosquera, director Nacional de Salud Ambiental y en el Trabajo (E), mencion\u00f3 que \u00abla promoci\u00f3n de la salud en el trabajo se posiciona d\u00eda a d\u00eda a nivel mundial y est\u00e1 generando un mejor ambiente laboral y una mejor relaci\u00f3n entre empleadores y trabajadores\u00bb.<\/p>\n<p>Las tem\u00e1ticas que se abordar\u00e1n en el taller nacional, al cual asisten 60 delegados t\u00e9cnicos son el Reglamento de Promoci\u00f3n y Salud en el Trabajo, seguridad y prevenci\u00f3n de riesgos laborales; prevenci\u00f3n de consumos nocivos, factores psicosociales, entro otros m\u00e1s.<\/p>\n<p>\u00abComo MSP hacemos diferentes intervenciones de manera integral en temas como: actividad f\u00edsica, alimentaci\u00f3n saludable, salud mental, salud sexual y reproductiva\u00bb, detall\u00f3 Jos\u00e9 Mosquera.<\/p>\n<p>Agreg\u00f3 adem\u00e1s que, 2.090 centros de trabajo p\u00fablicos y privados presentaron el compromiso formal de implementar el Plan de Promoci\u00f3n de Salud en el Trabajo en el 2023, de los cuales 210 obtuvieron la certificaci\u00f3n \u201cAct\u00edvate y Vive\u201d.<\/p>\n","protected":false},"excerpt":{"rendered":"<p>Quito.-\u00a0Para fortalecer las capacidades t\u00e9cnicas del personal encargado de la implementaci\u00f3n de salud en el trabajo de centros p\u00fablicos y privados del pa\u00eds, esta cartera de Estado, desarrolla el taller nacional de Promoci\u00f3n de la Salud en el Trabajo. El objetivo de la capacitaci\u00f3n, que durar\u00e1 tres d\u00edas, es fortalecer las competencias t\u00e9cnicas del personal [&hellip;]<\/p>\n","protected":false},"author":2,"featured_media":14850,"comment_status":"open","ping_status":"closed","sticky":false,"template":"","format":"standard","meta":{"_jetpack_memberships_contains_paid_content":false,"footnotes":""},"categories":[13],"tags":[148],"class_list":["post-14849","post","type-post","status-publish","format-standard","has-post-thumbnail","hentry","category-noticias-nacionales","tag-ministerio-de-salud-publica"],"jetpack_featured_media_url":"https:\/\/radiocresatelital.com\/wp-content\/uploads\/2024\/06\/WhatsApp-Image-2024-06-05-at-09.22.57-1536x864-1.jpeg","jetpack_sharing_enabled":true,"_links":{"self":[{"href":"https:\/\/radiocresatelital.com\/index.php?rest_route=\/wp\/v2\/posts\/14849","targetHints":{"allow":["GET"]}}],"collection":[{"href":"https:\/\/radiocresatelital.com\/index.php?rest_route=\/wp\/v2\/posts"}],"about":[{"href":"https:\/\/radiocresatelital.com\/index.php?rest_route=\/wp\/v2\/types\/post"}],"author":[{"embeddable":true,"href":"https:\/\/radiocresatelital.com\/index.php?rest_route=\/wp\/v2\/users\/2"}],"replies":[{"embeddable":true,"href":"https:\/\/radiocresatelital.com\/index.php?rest_route=%2Fwp%2Fv2%2Fcomments&post=14849"}],"version-history":[{"count":2,"href":"https:\/\/radiocresatelital.com\/index.php?rest_route=\/wp\/v2\/posts\/14849\/revisions"}],"predecessor-version":[{"id":14852,"href":"https:\/\/radiocresatelital.com\/index.php?rest_route=\/wp\/v2\/posts\/14849\/revisions\/14852"}],"wp:featuredmedia":[{"embeddable":true,"href":"https:\/\/radiocresatelital.com\/index.php?rest_route=\/wp\/v2\/media\/14850"}],"wp:attachment":[{"href":"https:\/\/radiocresatelital.com\/index.php?rest_route=%2Fwp%2Fv2%2Fmedia&parent=14849"}],"wp:term":[{"taxonomy":"category","embeddable":true,"href":"https:\/\/radiocresatelital.com\/index.php?rest_route=%2Fwp%2Fv2%2Fcategories&post=14849"},{"taxonomy":"post_tag","embeddable":true,"href":"https:\/\/radiocresatelital.com\/index.php?rest_route=%2Fwp%2Fv2%2Ftags&post=14849"}],"curies":[{"name":"wp","href":"https:\/\/api.w.org\/{rel}","templated":true}]}}