{"id":14846,"date":"2024-06-06T18:30:24","date_gmt":"2024-06-06T18:30:24","guid":{"rendered":"https:\/\/radiocresatelital.com\/?p=14846"},"modified":"2024-06-06T18:30:24","modified_gmt":"2024-06-06T18:30:24","slug":"cyber-monday-ecuador-llega-por-el-dia-del-padre","status":"publish","type":"post","link":"https:\/\/radiocresatelital.com\/?p=14846","title":{"rendered":"Cyber Monday Ecuador llega por el D\u00eda del Padre"},"content":{"rendered":"<p>Guayaquil.- El comercio electr\u00f3nico movi\u00f3 el a\u00f1o pasado m\u00e1s de 4000 millones de d\u00f3lares y este a\u00f1o va en ruta ascendente, es por esto que la C\u00e1mara de Comercio de Guayaquil propone la edici\u00f3n n\u00famero 21 de esta actividad comercial digital que tanta expectativa genera en los consumidores y en las marcas participantes.<\/p>\n<p>La primera edici\u00f3n se realiz\u00f3 en el 2012 y tuvo un aproximado de trece mil visitas con una facturaci\u00f3n anual nacional por e-commerce, de $300 millones de d\u00f3lares.<\/p>\n<p>En el Cyber Monday de junio del 2023 participaron m\u00e1s de 20 empresas y existieron m\u00e1s de 350 mil visitas a la p\u00e1gina web. As\u00ed de positiva ha sido la curva de crecimiento.<\/p>\n<p>El Cyber Monday del 2023 qued\u00f3 finalista entre cientos de c\u00e1maras de comercio participantes en la d\u00e9cima edici\u00f3n del Mundial de C\u00e1maras. Adem\u00e1s tambi\u00e9n particip\u00f3 en dos categorias en los Premios EFFIE Ecuador 2018.<\/p>\n<p>Este lunes 10 de junio la C\u00e1mara de Comercio de Guayaquil realizar\u00e1 su vig\u00e9sima primera edici\u00f3n del Cyber Monday y trae consigo las mejores ofertas y descuentos que solo se ver\u00e1n en este d\u00eda. A trav\u00e9s de esta iniciativa, la C\u00e1mara de Comercio de Guayaquil, busca impulsar y dinamizar el comercio electr\u00f3nico de las empresas y emprendedores del pa\u00eds.<\/p>\n<p>El desaf\u00edo es convertir los clics y visitas en ventas reales. Este a\u00f1o tambi\u00e9n se llevar\u00e1 a cabo la edici\u00f3n 22 el d\u00eda 2 de diciembre.<\/p>\n<p>Entre los comercios participantes est\u00e1n: Artefacta, Estuardo Sanchez, T\u00eda, Agripac, Pycca, Pharmacys, Polipapel, Claro, Despegar Ecuador, Orocash, Sony, Marathon, entre otros.<\/p>\n<p>El evento iniciar\u00e1 desde las 00h00 horas del lunes 10 hasta las 23h59 y pretende extenderse por 24 o 48 horas m\u00e1s. La expectativa es superar las 400 mil visitas en estos tres d\u00edas.<\/p>\n","protected":false},"excerpt":{"rendered":"<p>Guayaquil.- El comercio electr\u00f3nico movi\u00f3 el a\u00f1o pasado m\u00e1s de 4000 millones de d\u00f3lares y este a\u00f1o va en ruta ascendente, es por esto que la C\u00e1mara de Comercio de Guayaquil propone la edici\u00f3n n\u00famero 21 de esta actividad comercial digital que tanta expectativa genera en los consumidores y en las marcas participantes. La primera [&hellip;]<\/p>\n","protected":false},"author":2,"featured_media":14847,"comment_status":"open","ping_status":"closed","sticky":false,"template":"","format":"standard","meta":{"_jetpack_memberships_contains_paid_content":false,"footnotes":""},"categories":[13],"tags":[1532,2464],"class_list":["post-14846","post","type-post","status-publish","format-standard","has-post-thumbnail","hentry","category-noticias-nacionales","tag-camara-de-comercio-de-guayaquil","tag-cyber-monday-ecuador"],"jetpack_featured_media_url":"https:\/\/radiocresatelital.com\/wp-content\/uploads\/2024\/06\/c6dc2a34-a9e9-4414-b5b9-d7996dd46f53.jpg","jetpack_sharing_enabled":true,"_links":{"self":[{"href":"https:\/\/radiocresatelital.com\/index.php?rest_route=\/wp\/v2\/posts\/14846","targetHints":{"allow":["GET"]}}],"collection":[{"href":"https:\/\/radiocresatelital.com\/index.php?rest_route=\/wp\/v2\/posts"}],"about":[{"href":"https:\/\/radiocresatelital.com\/index.php?rest_route=\/wp\/v2\/types\/post"}],"author":[{"embeddable":true,"href":"https:\/\/radiocresatelital.com\/index.php?rest_route=\/wp\/v2\/users\/2"}],"replies":[{"embeddable":true,"href":"https:\/\/radiocresatelital.com\/index.php?rest_route=%2Fwp%2Fv2%2Fcomments&post=14846"}],"version-history":[{"count":1,"href":"https:\/\/radiocresatelital.com\/index.php?rest_route=\/wp\/v2\/posts\/14846\/revisions"}],"predecessor-version":[{"id":14848,"href":"https:\/\/radiocresatelital.com\/index.php?rest_route=\/wp\/v2\/posts\/14846\/revisions\/14848"}],"wp:featuredmedia":[{"embeddable":true,"href":"https:\/\/radiocresatelital.com\/index.php?rest_route=\/wp\/v2\/media\/14847"}],"wp:attachment":[{"href":"https:\/\/radiocresatelital.com\/index.php?rest_route=%2Fwp%2Fv2%2Fmedia&parent=14846"}],"wp:term":[{"taxonomy":"category","embeddable":true,"href":"https:\/\/radiocresatelital.com\/index.php?rest_route=%2Fwp%2Fv2%2Fcategories&post=14846"},{"taxonomy":"post_tag","embeddable":true,"href":"https:\/\/radiocresatelital.com\/index.php?rest_route=%2Fwp%2Fv2%2Ftags&post=14846"}],"curies":[{"name":"wp","href":"https:\/\/api.w.org\/{rel}","templated":true}]}}