{"id":14841,"date":"2024-06-06T16:04:57","date_gmt":"2024-06-06T16:04:57","guid":{"rendered":"https:\/\/radiocresatelital.com\/?p=14841"},"modified":"2024-06-06T16:04:57","modified_gmt":"2024-06-06T16:04:57","slug":"snai-aclara-que-pablo-muentes-continua-en-la-roca","status":"publish","type":"post","link":"https:\/\/radiocresatelital.com\/?p=14841","title":{"rendered":"SNAI aclara que Pablo Muentes contin\u00faa en La Roca"},"content":{"rendered":"<div class=\"article-info\" data-mrf-recirculation=\"Share RRSS\">\n<div class=\"publish-info\">\n<div class=\"published-date\"><\/div>\n<\/div>\n<\/div>\n<div class=\"content-modules\">\n<p id=\"m102-101-103\" class=\"paragraph \" data-mrf-recirculation=\"Links p\u00e1rrafos\">Quito.- Ante una serie de rumores difundidos esta ma\u00f1ana, del 6 de Junio del 2024, el Servicio Nacional Nacional de Atenci\u00f3n Integral a Personas Privadas de Libertad y Adolescentes Infractores (SNAI) asever\u00f3 que el <strong>ex asamble\u00edsta socialcristiano #PabloMuentes<\/strong> contin\u00faa recluido en el Centro de Privaci\u00f3n de Libertad (CPL) Guayas N\u00b03, La Roca.<\/p>\n<p id=\"m175-174-176\" class=\"paragraph \" data-mrf-recirculation=\"Links p\u00e1rrafos\">Muentes es investigado por la Fiscal\u00eda General del Estado por el supuesto\u00a0<strong>delito de tr\u00e1fico de influencias<\/strong> dentro del caso Purga, quien la presente semana volvi\u00f3 a ser vinculado en la declaraci\u00f3n anticipada de Mayra Salazar, donde incluso mencion\u00f3 a dos de los hijos del ex legislador.<\/p>\n<p data-mrf-recirculation=\"Links p\u00e1rrafos\">As\u00ed, en un breve comunicado el SNAI aclar\u00f3 esta versi\u00f3n alrededor de la detenci\u00f3n de Pablo Muentes.<\/p>\n<p id=\"m180-179-181\" class=\"paragraph \" data-mrf-recirculation=\"Links p\u00e1rrafos\">\n<\/div>\n","protected":false},"excerpt":{"rendered":"<p>Quito.- Ante una serie de rumores difundidos esta ma\u00f1ana, del 6 de Junio del 2024, el Servicio Nacional Nacional de Atenci\u00f3n Integral a Personas Privadas de Libertad y Adolescentes Infractores (SNAI) asever\u00f3 que el ex asamble\u00edsta socialcristiano #PabloMuentes contin\u00faa recluido en el Centro de Privaci\u00f3n de Libertad (CPL) Guayas N\u00b03, La Roca. Muentes es investigado [&hellip;]<\/p>\n","protected":false},"author":3,"featured_media":3509,"comment_status":"open","ping_status":"closed","sticky":false,"template":"","format":"standard","meta":{"_jetpack_memberships_contains_paid_content":false,"footnotes":""},"categories":[13],"tags":[2462,368],"class_list":["post-14841","post","type-post","status-publish","format-standard","has-post-thumbnail","hentry","category-noticias-nacionales","tag-pablomuentes","tag-snai"],"jetpack_featured_media_url":"https:\/\/radiocresatelital.com\/wp-content\/uploads\/2023\/09\/snai.jpg","jetpack_sharing_enabled":true,"_links":{"self":[{"href":"https:\/\/radiocresatelital.com\/index.php?rest_route=\/wp\/v2\/posts\/14841","targetHints":{"allow":["GET"]}}],"collection":[{"href":"https:\/\/radiocresatelital.com\/index.php?rest_route=\/wp\/v2\/posts"}],"about":[{"href":"https:\/\/radiocresatelital.com\/index.php?rest_route=\/wp\/v2\/types\/post"}],"author":[{"embeddable":true,"href":"https:\/\/radiocresatelital.com\/index.php?rest_route=\/wp\/v2\/users\/3"}],"replies":[{"embeddable":true,"href":"https:\/\/radiocresatelital.com\/index.php?rest_route=%2Fwp%2Fv2%2Fcomments&post=14841"}],"version-history":[{"count":1,"href":"https:\/\/radiocresatelital.com\/index.php?rest_route=\/wp\/v2\/posts\/14841\/revisions"}],"predecessor-version":[{"id":14842,"href":"https:\/\/radiocresatelital.com\/index.php?rest_route=\/wp\/v2\/posts\/14841\/revisions\/14842"}],"wp:featuredmedia":[{"embeddable":true,"href":"https:\/\/radiocresatelital.com\/index.php?rest_route=\/wp\/v2\/media\/3509"}],"wp:attachment":[{"href":"https:\/\/radiocresatelital.com\/index.php?rest_route=%2Fwp%2Fv2%2Fmedia&parent=14841"}],"wp:term":[{"taxonomy":"category","embeddable":true,"href":"https:\/\/radiocresatelital.com\/index.php?rest_route=%2Fwp%2Fv2%2Fcategories&post=14841"},{"taxonomy":"post_tag","embeddable":true,"href":"https:\/\/radiocresatelital.com\/index.php?rest_route=%2Fwp%2Fv2%2Ftags&post=14841"}],"curies":[{"name":"wp","href":"https:\/\/api.w.org\/{rel}","templated":true}]}}