{"id":14835,"date":"2024-06-06T14:08:31","date_gmt":"2024-06-06T14:08:31","guid":{"rendered":"https:\/\/radiocresatelital.com\/?p=14835"},"modified":"2024-06-06T18:52:31","modified_gmt":"2024-06-06T18:52:31","slug":"noboa-veta-ley-para-asignacion-directa-de-recursos-a-los-gads","status":"publish","type":"post","link":"https:\/\/radiocresatelital.com\/?p=14835","title":{"rendered":"Noboa veta Ley para Asignaci\u00f3n Directa de Recursos a los GADS"},"content":{"rendered":"<p>Quito.- Mediante u n comunicado enviado por la Secretar\u00eda General de Comunicaciones de la Presidencia de la Rep\u00fablica anunciando sobre que Daniel Noboa objet\u00f3 en su totalidad el proyecto de Ley que perjudicaba la estabalidad que debe tener el Ecuador.<\/p>\n<p>El domunmento dice lo siguiente:<\/p>\n<p><img decoding=\"async\" src=\"https:\/\/pbs.twimg.com\/media\/GPWJgbsXUAAvcjr?format=jpg&amp;name=large\" alt=\"Imagen\" \/><\/p>\n","protected":false},"excerpt":{"rendered":"<p>Quito.- Mediante u n comunicado enviado por la Secretar\u00eda General de Comunicaciones de la Presidencia de la Rep\u00fablica anunciando sobre que Daniel Noboa objet\u00f3 en su totalidad el proyecto de Ley que perjudicaba la estabalidad que debe tener el Ecuador. El domunmento dice lo siguiente:<\/p>\n","protected":false},"author":3,"featured_media":14836,"comment_status":"open","ping_status":"closed","sticky":false,"template":"","format":"standard","meta":{"_jetpack_memberships_contains_paid_content":false,"footnotes":""},"categories":[13],"tags":[2323,2460],"class_list":["post-14835","post","type-post","status-publish","format-standard","has-post-thumbnail","hentry","category-noticias-nacionales","tag-danielnoboa","tag-vetopresidencial"],"jetpack_featured_media_url":"https:\/\/radiocresatelital.com\/wp-content\/uploads\/2024\/06\/noboa-vetando.jpg","jetpack_sharing_enabled":true,"_links":{"self":[{"href":"https:\/\/radiocresatelital.com\/index.php?rest_route=\/wp\/v2\/posts\/14835","targetHints":{"allow":["GET"]}}],"collection":[{"href":"https:\/\/radiocresatelital.com\/index.php?rest_route=\/wp\/v2\/posts"}],"about":[{"href":"https:\/\/radiocresatelital.com\/index.php?rest_route=\/wp\/v2\/types\/post"}],"author":[{"embeddable":true,"href":"https:\/\/radiocresatelital.com\/index.php?rest_route=\/wp\/v2\/users\/3"}],"replies":[{"embeddable":true,"href":"https:\/\/radiocresatelital.com\/index.php?rest_route=%2Fwp%2Fv2%2Fcomments&post=14835"}],"version-history":[{"count":3,"href":"https:\/\/radiocresatelital.com\/index.php?rest_route=\/wp\/v2\/posts\/14835\/revisions"}],"predecessor-version":[{"id":14857,"href":"https:\/\/radiocresatelital.com\/index.php?rest_route=\/wp\/v2\/posts\/14835\/revisions\/14857"}],"wp:featuredmedia":[{"embeddable":true,"href":"https:\/\/radiocresatelital.com\/index.php?rest_route=\/wp\/v2\/media\/14836"}],"wp:attachment":[{"href":"https:\/\/radiocresatelital.com\/index.php?rest_route=%2Fwp%2Fv2%2Fmedia&parent=14835"}],"wp:term":[{"taxonomy":"category","embeddable":true,"href":"https:\/\/radiocresatelital.com\/index.php?rest_route=%2Fwp%2Fv2%2Fcategories&post=14835"},{"taxonomy":"post_tag","embeddable":true,"href":"https:\/\/radiocresatelital.com\/index.php?rest_route=%2Fwp%2Fv2%2Ftags&post=14835"}],"curies":[{"name":"wp","href":"https:\/\/api.w.org\/{rel}","templated":true}]}}