{"id":14820,"date":"2024-06-05T22:47:26","date_gmt":"2024-06-05T22:47:26","guid":{"rendered":"https:\/\/radiocresatelital.com\/?p=14820"},"modified":"2024-06-05T22:47:26","modified_gmt":"2024-06-05T22:47:26","slug":"efectiva-labor-policial-logro-aprehension-de-un-ciudadano-por-el-presunto-delito-de-porte-de-armas","status":"publish","type":"post","link":"https:\/\/radiocresatelital.com\/?p=14820","title":{"rendered":"Efectiva labor policial logr\u00f3 aprehensi\u00f3n de un ciudadano por el presunto delito de porte de armas"},"content":{"rendered":"<p>Guayaquil.- En la ciudad de Milagro, provincia del Guayas, el bloque de seguridad conformado por Polic\u00eda Nacional y Fuerzas Armadas, logr\u00f3 la aprehensi\u00f3n de un ciudadano de nacionalidad ecuatoriana que responde a los nombres de Patricio C, de 33 a\u00f1os de edad, que no presenta antecedentes penales.<\/p>\n<p>La aprehensi\u00f3n de este ciudadano se logr\u00f3 la madrugada de este \u00a0mi\u00e9rcoles, 05 de\u00a0 junio, gracias al trabajo articulado y planificado de Polic\u00eda Nacional y Fueras armadas, quienes lograron allanar un domicilio ubicado en la ciudadela la Lolita al norte de la ciudad de Milagro. En poder del aprehendido se logr\u00f3 encontrar:<\/p>\n<p>&#8211; 11 armas de fuego tipo fusil<\/p>\n<p>&#8211; 0\u20601 lanza granadas<\/p>\n<p>&#8211; 05 armas de fuego tipo pistola<\/p>\n<p>&#8211; 24 alimentadoras para pistola<\/p>\n<p>&#8211; 01 cargador tipo caracol<\/p>\n<p>&#8211; 17 cargadores de fusil<\/p>\n<p>&#8211; 07 equipos de comunicaci\u00f3n port\u00e1tiles<\/p>\n<p>&#8211; 01 casco tipo militar<\/p>\n<p>&#8211; 04 terminales m\u00f3viles<\/p>\n<p>&#8211; 01 granada 40mm<\/p>\n<p>&#8211; 1.396 municiones calibre 5.56mm<\/p>\n<p>V\u00edctor Hugo Ordo\u00f1ez Ron, Comandante de la Zona 5, se\u00f1al\u00f3 que el resultado de este operativo se logr\u00f3 gracias a los trabajos de inteligencia y al empleo de herramientas altamente tecnol\u00f3gicas que permitieron constatar la existencia de este domicilio.<\/p>\n<p>El trabajo encubierto as\u00ed como fuentes humanas se tornan importantes al momento de desarticular a estos grupos delictivos. Es por ello que el aporte ciudadano denunciando actos delictivos o brindando informaci\u00f3n que permita lograr este tipo de resultados se torna fundamental, enfatiz\u00f3 Ordo\u00f1ez<\/p>\n<p>Con esto la Polic\u00eda Nacional del Ecuador, continua con su firme labor de contrarrestar el accionar de estos grupos delictivos, as\u00ed seguir trabajando incansablemente por la seguridad de ciudadanas y ciudadanos.<\/p>\n","protected":false},"excerpt":{"rendered":"<p>Guayaquil.- En la ciudad de Milagro, provincia del Guayas, el bloque de seguridad conformado por Polic\u00eda Nacional y Fuerzas Armadas, logr\u00f3 la aprehensi\u00f3n de un ciudadano de nacionalidad ecuatoriana que responde a los nombres de Patricio C, de 33 a\u00f1os de edad, que no presenta antecedentes penales. La aprehensi\u00f3n de este ciudadano se logr\u00f3 la [&hellip;]<\/p>\n","protected":false},"author":2,"featured_media":14821,"comment_status":"open","ping_status":"closed","sticky":false,"template":"","format":"standard","meta":{"_jetpack_memberships_contains_paid_content":false,"footnotes":""},"categories":[13],"tags":[363,362],"class_list":["post-14820","post","type-post","status-publish","format-standard","has-post-thumbnail","hentry","category-noticias-nacionales","tag-fuerzas-armadas","tag-policia-nacional"],"jetpack_featured_media_url":"https:\/\/radiocresatelital.com\/wp-content\/uploads\/2024\/06\/27ef5262-e099-4139-afab-6a4c7ba3795c.jpeg","jetpack_sharing_enabled":true,"_links":{"self":[{"href":"https:\/\/radiocresatelital.com\/index.php?rest_route=\/wp\/v2\/posts\/14820","targetHints":{"allow":["GET"]}}],"collection":[{"href":"https:\/\/radiocresatelital.com\/index.php?rest_route=\/wp\/v2\/posts"}],"about":[{"href":"https:\/\/radiocresatelital.com\/index.php?rest_route=\/wp\/v2\/types\/post"}],"author":[{"embeddable":true,"href":"https:\/\/radiocresatelital.com\/index.php?rest_route=\/wp\/v2\/users\/2"}],"replies":[{"embeddable":true,"href":"https:\/\/radiocresatelital.com\/index.php?rest_route=%2Fwp%2Fv2%2Fcomments&post=14820"}],"version-history":[{"count":1,"href":"https:\/\/radiocresatelital.com\/index.php?rest_route=\/wp\/v2\/posts\/14820\/revisions"}],"predecessor-version":[{"id":14822,"href":"https:\/\/radiocresatelital.com\/index.php?rest_route=\/wp\/v2\/posts\/14820\/revisions\/14822"}],"wp:featuredmedia":[{"embeddable":true,"href":"https:\/\/radiocresatelital.com\/index.php?rest_route=\/wp\/v2\/media\/14821"}],"wp:attachment":[{"href":"https:\/\/radiocresatelital.com\/index.php?rest_route=%2Fwp%2Fv2%2Fmedia&parent=14820"}],"wp:term":[{"taxonomy":"category","embeddable":true,"href":"https:\/\/radiocresatelital.com\/index.php?rest_route=%2Fwp%2Fv2%2Fcategories&post=14820"},{"taxonomy":"post_tag","embeddable":true,"href":"https:\/\/radiocresatelital.com\/index.php?rest_route=%2Fwp%2Fv2%2Ftags&post=14820"}],"curies":[{"name":"wp","href":"https:\/\/api.w.org\/{rel}","templated":true}]}}