{"id":14817,"date":"2024-06-05T22:29:10","date_gmt":"2024-06-05T22:29:10","guid":{"rendered":"https:\/\/radiocresatelital.com\/?p=14817"},"modified":"2024-06-05T22:29:10","modified_gmt":"2024-06-05T22:29:10","slug":"tpg-celebra-el-mes-del-medioambiente-con-iniciativas-sostenibles-para-guayaquil","status":"publish","type":"post","link":"https:\/\/radiocresatelital.com\/?p=14817","title":{"rendered":"TPG celebra el mes del medioambiente con iniciativas sostenibles para Guayaquil"},"content":{"rendered":"<p>Guayaquil.- El Terminal Portuario de Guayaquil (TPG) est\u00e1 comprometido con la sostenibilidad y la disminuci\u00f3n de su huella. A trav\u00e9s de su estrategia ambiental, la misma que tiene como eje movilizador el cambio clim\u00e1tico, busca fomentar la econom\u00eda circular, la reducci\u00f3n de sus emisiones de gases de efecto invernadero y el equilibrio ecoh\u00eddrico.<\/p>\n<p>Por ello, considera fundamental crear una cultura de cuidado y protecci\u00f3n de los ecosistemas.<\/p>\n<p>Luisenrique Navas, Gerente de TPG, destac\u00f3 que, en colaboraci\u00f3n con la Alcald\u00eda de Guayaquil, se han impulsado diversas actividades para sensibilizar a la comunidad sobre la importancia de la conservaci\u00f3n de los recursos naturales.<\/p>\n<p>M\u00e1s de 400 ni\u00f1os y padres de familia, que habitan en el sector de la Isla Trinitaria, recibieron charlas sobre el cuidado de recursos h\u00eddricos y \u00e1reas forestales. Otra iniciativa en la que participa activamente el Terminal Portuario de Guayaquil es el programa \u00abLa sostenibilidad va a tu aula\u00bb, que tiene como objetivo capacitar a 10 mil ni\u00f1os y j\u00f3venes de diferentes centros educativos sobre la protecci\u00f3n del medio ambiente y la conservaci\u00f3n de los recursos naturales.<\/p>\n<p>Por medio de talleres, din\u00e1micas y otras actividades, se busca generar conciencia y fomentar la participaci\u00f3n de las nuevas generaciones en la protecci\u00f3n de nuestro planeta.<\/p>\n<p>Adem\u00e1s, a trav\u00e9s de la campa\u00f1a \u00abSembrando una Ciudad\u00bb, junto a la fundaci\u00f3n La Iguana, se busca transformar 6709 m2 en bosques urbanos nativos. El objetivo es convertir los espacios p\u00fablicos en zonas de conservaci\u00f3n de biodiversidad, como una soluci\u00f3n para la adaptaci\u00f3n al cambio clim\u00e1tico.<\/p>\n<p>TPG continuar\u00e1 trabajando con la comunidad y las autoridades para construir un futuro m\u00e1s verde y sostenible para todos, al mismo tiempo que impulsa el comercio exterior y contribuye a la dinamizaci\u00f3n de la econom\u00eda del pa\u00eds.<\/p>\n","protected":false},"excerpt":{"rendered":"<p>Guayaquil.- El Terminal Portuario de Guayaquil (TPG) est\u00e1 comprometido con la sostenibilidad y la disminuci\u00f3n de su huella. A trav\u00e9s de su estrategia ambiental, la misma que tiene como eje movilizador el cambio clim\u00e1tico, busca fomentar la econom\u00eda circular, la reducci\u00f3n de sus emisiones de gases de efecto invernadero y el equilibrio ecoh\u00eddrico. Por ello, [&hellip;]<\/p>\n","protected":false},"author":2,"featured_media":14818,"comment_status":"open","ping_status":"closed","sticky":false,"template":"","format":"standard","meta":{"_jetpack_memberships_contains_paid_content":false,"footnotes":""},"categories":[33,13],"tags":[333],"class_list":["post-14817","post","type-post","status-publish","format-standard","has-post-thumbnail","hentry","category-guayaquil","category-noticias-nacionales","tag-terminal-portuario-de-guayaquil"],"jetpack_featured_media_url":"https:\/\/radiocresatelital.com\/wp-content\/uploads\/2024\/06\/751c4f70-a2ee-4db0-90f9-6e83dd412f92.jpeg","jetpack_sharing_enabled":true,"_links":{"self":[{"href":"https:\/\/radiocresatelital.com\/index.php?rest_route=\/wp\/v2\/posts\/14817","targetHints":{"allow":["GET"]}}],"collection":[{"href":"https:\/\/radiocresatelital.com\/index.php?rest_route=\/wp\/v2\/posts"}],"about":[{"href":"https:\/\/radiocresatelital.com\/index.php?rest_route=\/wp\/v2\/types\/post"}],"author":[{"embeddable":true,"href":"https:\/\/radiocresatelital.com\/index.php?rest_route=\/wp\/v2\/users\/2"}],"replies":[{"embeddable":true,"href":"https:\/\/radiocresatelital.com\/index.php?rest_route=%2Fwp%2Fv2%2Fcomments&post=14817"}],"version-history":[{"count":1,"href":"https:\/\/radiocresatelital.com\/index.php?rest_route=\/wp\/v2\/posts\/14817\/revisions"}],"predecessor-version":[{"id":14819,"href":"https:\/\/radiocresatelital.com\/index.php?rest_route=\/wp\/v2\/posts\/14817\/revisions\/14819"}],"wp:featuredmedia":[{"embeddable":true,"href":"https:\/\/radiocresatelital.com\/index.php?rest_route=\/wp\/v2\/media\/14818"}],"wp:attachment":[{"href":"https:\/\/radiocresatelital.com\/index.php?rest_route=%2Fwp%2Fv2%2Fmedia&parent=14817"}],"wp:term":[{"taxonomy":"category","embeddable":true,"href":"https:\/\/radiocresatelital.com\/index.php?rest_route=%2Fwp%2Fv2%2Fcategories&post=14817"},{"taxonomy":"post_tag","embeddable":true,"href":"https:\/\/radiocresatelital.com\/index.php?rest_route=%2Fwp%2Fv2%2Ftags&post=14817"}],"curies":[{"name":"wp","href":"https:\/\/api.w.org\/{rel}","templated":true}]}}