{"id":14798,"date":"2024-06-04T22:54:50","date_gmt":"2024-06-04T22:54:50","guid":{"rendered":"https:\/\/radiocresatelital.com\/?p=14798"},"modified":"2024-06-04T22:54:50","modified_gmt":"2024-06-04T22:54:50","slug":"pero-hay-cosas-que-no-puedes-mostrar-porque-yo-fui-un-lider-y-no-sigues-a-alguien-que-arrastra-su-tristeza-kylian-mbappe","status":"publish","type":"post","link":"https:\/\/radiocresatelital.com\/?p=14798","title":{"rendered":"Pero hay cosas que no puedes mostrar porque yo fui un l\u00edder y no sigues a alguien que arrastra su tristeza, Kylian Mbapp\u00e9"},"content":{"rendered":"<p class=\"ssrcss-1q0x1qg-Paragraph e1jhz7w10\">Par\u00eds.- \u00abLas cosas y personas me hicieron infeliz\u00bb fueron las expresiones del delantero franc\u00e9s Kylian Mbapp\u00e9 que sucedieron en su \u00faltimo a\u00f1o en el Paris St-Germain.<\/p>\n<p class=\"ssrcss-1q0x1qg-Paragraph e1jhz7w10\"><span>Mbapp\u00e9, de 25 a\u00f1os, se\u00a0<\/span><span>unir\u00e1 al Real Madrid con un contrato de cinco a\u00f1os<\/span><span>\u00a0cuando su contrato con el Paris St-Germain expire el 30 de junio.<\/span><\/p>\n<p class=\"ssrcss-1q0x1qg-Paragraph e1jhz7w10\"><span>El m\u00e1ximo goleador de todos los tiempos del PSG se neg\u00f3 a firmar una extensi\u00f3n de contrato por un a\u00f1o en agosto pasado, lo que provoc\u00f3 un enfrentamiento que lo vio entrenar lejos del primer equipo.<\/span><\/p>\n<p class=\"ssrcss-1q0x1qg-Paragraph e1jhz7w10\"><span>\u00abEn el PSG no era infeliz, eso ser\u00eda morderse la mano que te da de comer y escupir en la cara a toda la gente que me defendi\u00f3, pero las cosas y las personas me hicieron infeliz\u00bb, dijo Mbapp\u00e9 el martes.<\/span><\/p>\n<p class=\"ssrcss-1q0x1qg-Paragraph e1jhz7w10\"><span>\u00abPero hay cosas que no puedes mostrar porque yo fui un l\u00edder y no sigues a alguien que arrastra su tristeza\u00bb.<\/span><\/p>\n<p class=\"ssrcss-1q0x1qg-Paragraph e1jhz7w10\"><span>Mbapp\u00e9 dijo que el t\u00e9cnico del PSG, Luis Enrique, y el asesor Luis Campos \u00abme salvaron\u00bb.<\/span><\/p>\n<p class=\"ssrcss-1q0x1qg-Paragraph e1jhz7w10\"><span>\u00abSin ellos no habr\u00eda vuelto a pisar el campo\u00bb, a\u00f1adi\u00f3 en v\u00edsperas del amistoso de Francia contra Luxemburgo en Metz.<\/span><\/p>\n<p class=\"ssrcss-1q0x1qg-Paragraph e1jhz7w10\"><span>\u00abEstoy m\u00e1s orgulloso de esa temporada cuando s\u00e9 todo lo que tuve que pasar para jugar.<\/span><\/p>\n<p class=\"ssrcss-1q0x1qg-Paragraph e1jhz7w10\"><span>\u00abMis est\u00e1ndares eran m\u00e1s bajos, pero jugar, repetir partidos y ganar trofeos era mi mayor orgullo. Pero el a\u00f1o que viene no estar\u00e9 satisfecho con una temporada como esa\u00bb.<\/span><\/p>\n<p class=\"ssrcss-1q0x1qg-Paragraph e1jhz7w10\"><span>Mbapp\u00e9 ayud\u00f3 al PSG a ganar seis t\u00edtulos de la Ligue 1, pero espera un nuevo comienzo en el Real Madrid, reci\u00e9n coronado campe\u00f3n de la Liga de Campeones.<\/span><\/p>\n<p class=\"ssrcss-1q0x1qg-Paragraph e1jhz7w10\"><span>\u00abEs un placer enorme y un sue\u00f1o hecho realidad\u00bb, a\u00f1adi\u00f3.<\/span><\/p>\n<p class=\"ssrcss-1q0x1qg-Paragraph e1jhz7w10\"><span>\u00abEs el club donde siempre so\u00f1\u00e9 estar. Voy all\u00ed con mucha ilusi\u00f3n y mucha humildad\u00bb.<\/span><\/p>\n","protected":false},"excerpt":{"rendered":"<p>Par\u00eds.- \u00abLas cosas y personas me hicieron infeliz\u00bb fueron las expresiones del delantero franc\u00e9s Kylian Mbapp\u00e9 que sucedieron en su \u00faltimo a\u00f1o en el Paris St-Germain. Mbapp\u00e9, de 25 a\u00f1os, se\u00a0unir\u00e1 al Real Madrid con un contrato de cinco a\u00f1os\u00a0cuando su contrato con el Paris St-Germain expire el 30 de junio. El m\u00e1ximo goleador de [&hellip;]<\/p>\n","protected":false},"author":2,"featured_media":14799,"comment_status":"open","ping_status":"closed","sticky":false,"template":"","format":"standard","meta":{"_jetpack_memberships_contains_paid_content":false,"footnotes":""},"categories":[7],"tags":[354],"class_list":["post-14798","post","type-post","status-publish","format-standard","has-post-thumbnail","hentry","category-futbol-internacional","tag-kylian-mbappe"],"jetpack_featured_media_url":"https:\/\/radiocresatelital.com\/wp-content\/uploads\/2024\/06\/17174390158294.jpg","jetpack_sharing_enabled":true,"_links":{"self":[{"href":"https:\/\/radiocresatelital.com\/index.php?rest_route=\/wp\/v2\/posts\/14798","targetHints":{"allow":["GET"]}}],"collection":[{"href":"https:\/\/radiocresatelital.com\/index.php?rest_route=\/wp\/v2\/posts"}],"about":[{"href":"https:\/\/radiocresatelital.com\/index.php?rest_route=\/wp\/v2\/types\/post"}],"author":[{"embeddable":true,"href":"https:\/\/radiocresatelital.com\/index.php?rest_route=\/wp\/v2\/users\/2"}],"replies":[{"embeddable":true,"href":"https:\/\/radiocresatelital.com\/index.php?rest_route=%2Fwp%2Fv2%2Fcomments&post=14798"}],"version-history":[{"count":1,"href":"https:\/\/radiocresatelital.com\/index.php?rest_route=\/wp\/v2\/posts\/14798\/revisions"}],"predecessor-version":[{"id":14800,"href":"https:\/\/radiocresatelital.com\/index.php?rest_route=\/wp\/v2\/posts\/14798\/revisions\/14800"}],"wp:featuredmedia":[{"embeddable":true,"href":"https:\/\/radiocresatelital.com\/index.php?rest_route=\/wp\/v2\/media\/14799"}],"wp:attachment":[{"href":"https:\/\/radiocresatelital.com\/index.php?rest_route=%2Fwp%2Fv2%2Fmedia&parent=14798"}],"wp:term":[{"taxonomy":"category","embeddable":true,"href":"https:\/\/radiocresatelital.com\/index.php?rest_route=%2Fwp%2Fv2%2Fcategories&post=14798"},{"taxonomy":"post_tag","embeddable":true,"href":"https:\/\/radiocresatelital.com\/index.php?rest_route=%2Fwp%2Fv2%2Ftags&post=14798"}],"curies":[{"name":"wp","href":"https:\/\/api.w.org\/{rel}","templated":true}]}}