{"id":14715,"date":"2024-06-03T21:42:58","date_gmt":"2024-06-03T21:42:58","guid":{"rendered":"https:\/\/radiocresatelital.com\/?p=14715"},"modified":"2024-06-03T21:42:58","modified_gmt":"2024-06-03T21:42:58","slug":"andres-gomez-presenta-el-vi-gogo-week","status":"publish","type":"post","link":"https:\/\/radiocresatelital.com\/?p=14715","title":{"rendered":"Andr\u00e9s G\u00f3mez presenta el VI Gogo Week"},"content":{"rendered":"<p class=\"x_ydp76bb865ayiv1277328776gmail-MsoNoSpacing\">Guayaquil.- La VI edici\u00f3n del GOGO WEEK dice presente, bajo la direcci\u00f3n de su mentalizador y organizador, Andr\u00e9s G\u00f3mez Santos, se realizar\u00e1 del 8 al 23 de junio del presente a\u00f1o en el Anexo Guayaquil Tenis Club (Av. Samborond\u00f3n) y Salinas Golf &amp; Tenis Club.<\/p>\n<p class=\"x_ydp76bb865ayiv1277328776gmail-MsoNoSpacing\">Este certamen infanto-juvenil, considerado un Festival ten\u00edstico, mostrar\u00e1 y permitir\u00e1 competir durante dos semanas a los ni\u00f1os que reci\u00e9n hacen sus primeras apariciones y a los juveniles que son el futuro del tenis ecuatoriano,<\/p>\n<p class=\"x_ydp76bb865ayiv1277328776gmail-MsoNoSpacing\">Se estima\u00a0que participar\u00e1n alrededor de 250 tenistas desde los seis a\u00f1os de edad hasta las categor\u00edas juveniles de 18 a\u00f1os.<\/p>\n<p class=\"x_ydp76bb865ayiv1277328776gmail-MsoNoSpacing\">Cuatro torneos entrar\u00e1n en disputa, dos de car\u00e1cter Nacional y dos de nivel Internacional puntuables para los rankings COSAT e ITF Juniors.<\/p>\n<p class=\"x_ydp76bb865ayiv1277328776gmail-MsoNoSpacing\"><b>LOS TORNEOS\u00a0\u00a0\u00a0\u00a0\u00a0\u00a0\u00a0\u00a0\u00a0\u00a0\u00a0\u00a0\u00a0\u00a0\u00a0\u00a0\u00a0\u00a0\u00a0\u00a0\u00a0\u00a0\u00a0\u00a0\u00a0\u00a0\u00a0\u00a0\u00a0\u00a0\u00a0\u00a0\u00a0\u00a0\u00a0\u00a0\u00a0\u00a0\u00a0\u00a0\u00a0\u00a0\u00a0\u00a0 Fechas\u00a0 \u00a0 \u00a0 \u00a0 \u00a0 \u00a0 \u00a0 \u00a0 \u00a0 \u00a0 \u00a0 \u00a0 \u00a0 \u00a0<\/b><\/p>\n<p class=\"x_ydp76bb865ayiv1277328776gmail-MsoNoSpacing\"><b>COSAT G2 14\/16 a\u00f1os \u00a0\u00a0\u00a0\u00a0\u00a0\u00a0\u00a0\u00a0\u00a0\u00a0\u00a0\u00a0\u00a0\u00a0\u00a0\u00a0\u00a0\u00a0\u00a0\u00a0\u00a0\u00a0\u00a0\u00a0\u00a0\u00a0\u00a0\u00a0\u00a0\u00a0\u00a0\u00a0\u00a0 Junio 8-15<br \/>\n<\/b>Sede Anexo Guayaquil Tenis Club \u2013 Samborond\u00f3n<\/p>\n<p class=\"x_ydp76bb865ayiv1277328776gmail-MsoNoSpacing\"><b>ITF Junior J60 18 a\u00f1os\u00a0\u00a0\u00a0\u00a0\u00a0\u00a0\u00a0\u00a0\u00a0\u00a0\u00a0\u00a0\u00a0\u00a0\u00a0\u00a0\u00a0\u00a0\u00a0\u00a0\u00a0\u00a0\u00a0\u00a0\u00a0\u00a0\u00a0\u00a0\u00a0\u00a0\u00a0\u00a0\u00a0 Junio 15-22<br \/>\n<\/b>Sede Salinas Golf &amp; Tenis Club \u2013 Salinas<\/p>\n<p class=\"x_ydp76bb865ayiv1277328776gmail-MsoNoSpacing\"><b>NACIONAL 10 a\u00f1os \u00a0\u00a0\u00a0\u00a0\u00a0\u00a0\u00a0\u00a0\u00a0\u00a0\u00a0\u00a0\u00a0\u00a0\u00a0\u00a0\u00a0\u00a0\u00a0\u00a0\u00a0\u00a0\u00a0\u00a0\u00a0\u00a0\u00a0\u00a0\u00a0\u00a0\u00a0\u00a0\u00a0\u00a0\u00a0\u00a0 Junio 20-23<br \/>\n<\/b>Sede Anexo Guayaquil Tenis Club \u2013 Samborond\u00f3n<\/p>\n<p class=\"x_ydp76bb865ayiv1277328776gmail-MsoNoSpacing\"><b>FESTIVAL bolas rojas\/naranjas 6-10 a\u00f1os\u00a0\u00a0\u00a0 Junio 22-23<br \/>\n<\/b>Sede Anexo Guayaquil Tenis Club \u2013 Samborond\u00f3n<\/p>\n","protected":false},"excerpt":{"rendered":"<p>Guayaquil.- La VI edici\u00f3n del GOGO WEEK dice presente, bajo la direcci\u00f3n de su mentalizador y organizador, Andr\u00e9s G\u00f3mez Santos, se realizar\u00e1 del 8 al 23 de junio del presente a\u00f1o en el Anexo Guayaquil Tenis Club (Av. Samborond\u00f3n) y Salinas Golf &amp; Tenis Club. Este certamen infanto-juvenil, considerado un Festival ten\u00edstico, mostrar\u00e1 y permitir\u00e1 [&hellip;]<\/p>\n","protected":false},"author":2,"featured_media":14716,"comment_status":"open","ping_status":"closed","sticky":false,"template":"","format":"standard","meta":{"_jetpack_memberships_contains_paid_content":false,"footnotes":""},"categories":[9,64],"tags":[2442,15],"class_list":["post-14715","post","type-post","status-publish","format-standard","has-post-thumbnail","hentry","category-deportes","category-tenis","tag-andres-gomez","tag-gogo-week"],"jetpack_featured_media_url":"https:\/\/radiocresatelital.com\/wp-content\/uploads\/2024\/06\/Andres-GomezGOGO2023a.jpg","jetpack_sharing_enabled":true,"_links":{"self":[{"href":"https:\/\/radiocresatelital.com\/index.php?rest_route=\/wp\/v2\/posts\/14715","targetHints":{"allow":["GET"]}}],"collection":[{"href":"https:\/\/radiocresatelital.com\/index.php?rest_route=\/wp\/v2\/posts"}],"about":[{"href":"https:\/\/radiocresatelital.com\/index.php?rest_route=\/wp\/v2\/types\/post"}],"author":[{"embeddable":true,"href":"https:\/\/radiocresatelital.com\/index.php?rest_route=\/wp\/v2\/users\/2"}],"replies":[{"embeddable":true,"href":"https:\/\/radiocresatelital.com\/index.php?rest_route=%2Fwp%2Fv2%2Fcomments&post=14715"}],"version-history":[{"count":1,"href":"https:\/\/radiocresatelital.com\/index.php?rest_route=\/wp\/v2\/posts\/14715\/revisions"}],"predecessor-version":[{"id":14717,"href":"https:\/\/radiocresatelital.com\/index.php?rest_route=\/wp\/v2\/posts\/14715\/revisions\/14717"}],"wp:featuredmedia":[{"embeddable":true,"href":"https:\/\/radiocresatelital.com\/index.php?rest_route=\/wp\/v2\/media\/14716"}],"wp:attachment":[{"href":"https:\/\/radiocresatelital.com\/index.php?rest_route=%2Fwp%2Fv2%2Fmedia&parent=14715"}],"wp:term":[{"taxonomy":"category","embeddable":true,"href":"https:\/\/radiocresatelital.com\/index.php?rest_route=%2Fwp%2Fv2%2Fcategories&post=14715"},{"taxonomy":"post_tag","embeddable":true,"href":"https:\/\/radiocresatelital.com\/index.php?rest_route=%2Fwp%2Fv2%2Ftags&post=14715"}],"curies":[{"name":"wp","href":"https:\/\/api.w.org\/{rel}","templated":true}]}}