{"id":14712,"date":"2024-06-03T21:34:03","date_gmt":"2024-06-03T21:34:03","guid":{"rendered":"https:\/\/radiocresatelital.com\/?p=14712"},"modified":"2024-06-03T21:34:03","modified_gmt":"2024-06-03T21:34:03","slug":"enzo-maresca-nuvo-tecnico-de-chelsea-por-5-temporadas","status":"publish","type":"post","link":"https:\/\/radiocresatelital.com\/?p=14712","title":{"rendered":"Enzo Maresca nuvo T\u00e9cnico de Chelsea por 5 temporadas"},"content":{"rendered":"<p class=\"ssrcss-1q0x1qg-Paragraph e1jhz7w10\">Londres.- El equipo donde milita el volante ecuatoriano, Mois\u00e9s Caicedo, Chelsea ya tiene entrenador para las pr\u00f3ximas cinco temporadas a Enzo Maresca, con opci\u00f3n a un a\u00f1o m\u00e1s.<\/p>\n<p class=\"ssrcss-1q0x1qg-Paragraph e1jhz7w10\"><span>El italiano sustituye a Mauricio Pochettino, que\u00a0<\/span><span>se march\u00f3 de mutuo acuerdo<\/span><span>\u00a0el 21 de mayo tras s\u00f3lo una temporada en Stamford Bridge.<\/span><\/p>\n<p class=\"ssrcss-1q0x1qg-Paragraph e1jhz7w10\"><span>Maresca, de 44 a\u00f1os,\u00a0<\/span><span>se hizo cargo de los Foxes<\/span><span>\u00a0en junio de 2023 y los llev\u00f3 al t\u00edtulo del campeonato la temporada pasada.<\/span><\/p>\n<p class=\"ssrcss-1q0x1qg-Paragraph e1jhz7w10\"><span>\u00abUnirse al Chelsea, uno de los clubes m\u00e1s grandes del mundo, es un sue\u00f1o para cualquier entrenador\u00bb, afirm\u00f3. \u00abEs por eso que estoy tan entusiasmado con esta oportunidad.<\/span><\/p>\n<p class=\"ssrcss-1q0x1qg-Paragraph e1jhz7w10\"><span>\u00abEspero trabajar con un grupo muy talentoso de jugadores y personal para desarrollar un equipo que contin\u00fae la tradici\u00f3n de \u00e9xito del club y enorgullezca a nuestros fan\u00e1ticos\u00bb.<\/span><\/p>\n<p class=\"ssrcss-1q0x1qg-Paragraph e1jhz7w10\"><span>Maresca, que asumir\u00e1 su nuevo cargo el 1 de julio, es el sexto nombramiento directivo del Chelsea en cinco a\u00f1os y el cuarto desde que el inversor estadounidense Todd Boehly y la firma de capital privado Clearlake Capital compraron el club en mayo de 2022.<\/span><\/p>\n<p class=\"ssrcss-1q0x1qg-Paragraph e1jhz7w10\"><span>Chelsea soport\u00f3 una temporada mixta 2023-24, pero gan\u00f3 sus \u00faltimos cinco partidos para terminar la campa\u00f1a en sexto lugar y clasificarse para la Europa Conference League.<\/span><\/p>\n<p class=\"ssrcss-1q0x1qg-Paragraph e1jhz7w10\"><span>Los Blues tambi\u00e9n terminaron subcampeones de la Copa Carabao y alcanzaron las semifinales de la Copa FA.<\/span><\/p>\n<p class=\"ssrcss-1q0x1qg-Paragraph e1jhz7w10\"><span>Varios candidatos estaban en una lista corta tras la salida de Pochettino, incluido el ex entrenador del Brighton, Roberto de Zerbi, el t\u00e9cnico del Ipswich, Kieran McKenna, y Thomas Frank del Brentford.<\/span><\/p>\n<p class=\"ssrcss-1q0x1qg-Paragraph e1jhz7w10\"><span>Los codirectores deportivos del Chelsea, Paul Winstanley y Laurence Stewart, dijeron que Maresca \u00abnos impresion\u00f3 profundamente en nuestras conversaciones previas a su nombramiento\u00bb y que sus \u00abambiciones y \u00e9tica de trabajo se alinean con las del club\u00bb.<\/span><\/p>\n<p class=\"ssrcss-1q0x1qg-Paragraph e1jhz7w10\"><span>Est\u00e1 previsto que los jugadores del Chelsea que no est\u00e9n en servicio internacional este verano regresen al club para la pretemporada con Maresca el 4 de julio mientras se preparan para una gira por los Estados Unidos.<\/span><\/p>\n<p class=\"ssrcss-1q0x1qg-Paragraph e1jhz7w10\"><span>El cuerpo t\u00e9cnico de Maresca en Leicester, incluido el ex portero del Chelsea Willy Caballero, trabajar\u00e1 junto a \u00e9l en Stamford Bridge.<\/span><\/p>\n","protected":false},"excerpt":{"rendered":"<p>Londres.- El equipo donde milita el volante ecuatoriano, Mois\u00e9s Caicedo, Chelsea ya tiene entrenador para las pr\u00f3ximas cinco temporadas a Enzo Maresca, con opci\u00f3n a un a\u00f1o m\u00e1s. El italiano sustituye a Mauricio Pochettino, que\u00a0se march\u00f3 de mutuo acuerdo\u00a0el 21 de mayo tras s\u00f3lo una temporada en Stamford Bridge. Maresca, de 44 a\u00f1os,\u00a0se hizo cargo [&hellip;]<\/p>\n","protected":false},"author":2,"featured_media":14713,"comment_status":"open","ping_status":"closed","sticky":false,"template":"","format":"standard","meta":{"_jetpack_memberships_contains_paid_content":false,"footnotes":""},"categories":[2216,7],"tags":[307,2441],"class_list":["post-14712","post","type-post","status-publish","format-standard","has-post-thumbnail","hentry","category-ecuatorianos-en-el-exterior-2","category-futbol-internacional","tag-chelsea","tag-enzo-maresca"],"jetpack_featured_media_url":"https:\/\/radiocresatelital.com\/wp-content\/uploads\/2024\/06\/skysports-enzo-maresca-chelsea_6567895-640x360-1.jpg","jetpack_sharing_enabled":true,"_links":{"self":[{"href":"https:\/\/radiocresatelital.com\/index.php?rest_route=\/wp\/v2\/posts\/14712","targetHints":{"allow":["GET"]}}],"collection":[{"href":"https:\/\/radiocresatelital.com\/index.php?rest_route=\/wp\/v2\/posts"}],"about":[{"href":"https:\/\/radiocresatelital.com\/index.php?rest_route=\/wp\/v2\/types\/post"}],"author":[{"embeddable":true,"href":"https:\/\/radiocresatelital.com\/index.php?rest_route=\/wp\/v2\/users\/2"}],"replies":[{"embeddable":true,"href":"https:\/\/radiocresatelital.com\/index.php?rest_route=%2Fwp%2Fv2%2Fcomments&post=14712"}],"version-history":[{"count":1,"href":"https:\/\/radiocresatelital.com\/index.php?rest_route=\/wp\/v2\/posts\/14712\/revisions"}],"predecessor-version":[{"id":14714,"href":"https:\/\/radiocresatelital.com\/index.php?rest_route=\/wp\/v2\/posts\/14712\/revisions\/14714"}],"wp:featuredmedia":[{"embeddable":true,"href":"https:\/\/radiocresatelital.com\/index.php?rest_route=\/wp\/v2\/media\/14713"}],"wp:attachment":[{"href":"https:\/\/radiocresatelital.com\/index.php?rest_route=%2Fwp%2Fv2%2Fmedia&parent=14712"}],"wp:term":[{"taxonomy":"category","embeddable":true,"href":"https:\/\/radiocresatelital.com\/index.php?rest_route=%2Fwp%2Fv2%2Fcategories&post=14712"},{"taxonomy":"post_tag","embeddable":true,"href":"https:\/\/radiocresatelital.com\/index.php?rest_route=%2Fwp%2Fv2%2Ftags&post=14712"}],"curies":[{"name":"wp","href":"https:\/\/api.w.org\/{rel}","templated":true}]}}