{"id":14709,"date":"2024-06-03T21:21:03","date_gmt":"2024-06-03T21:21:03","guid":{"rendered":"https:\/\/radiocresatelital.com\/?p=14709"},"modified":"2024-06-03T21:21:03","modified_gmt":"2024-06-03T21:21:03","slug":"estoy-muy-feliz-y-orgulloso-de-unirme-al-club-de-mis-suenos-kylian-mbappe","status":"publish","type":"post","link":"https:\/\/radiocresatelital.com\/?p=14709","title":{"rendered":"Estoy muy feliz y orgulloso de unirme al club de mis sue\u00f1os, Kylian Mbapp\u00e9"},"content":{"rendered":"<p>Madrid.- El delantero franc\u00e9s, Kylian Mbapp\u00e9, ha confirmado su llegada al flamante Campe\u00f3n de la Liga de Campeones, Real Madrid, quien qued\u00f3 libre del Par\u00eds Saint-Germain tras siete temporadas.<\/p>\n<p>El club espa\u00f1ol public\u00f3 un comunicado en su sitio web y en sus cuentas de las redes sociales para confirmar la incorporaci\u00f3n de Mbapp\u00e9, campe\u00f3n mundial en Rusia 2018 y subcampe\u00f3n en Qatar 2022.<\/p>\n<p>\u00abEs un sue\u00f1o hecho realidad. Estoy muy feliz y orgulloso de unirme al club de mis sue\u00f1os, el Real Madrid. Es imposible explicar lo feliz y emocionado que me siento en este momento. No puedo esperar a veros, madridistas, y gracias por su incre\u00edble apoyo\u00bb, escribi\u00f3 Mbapp\u00e9 en su cuenta de Instagram.<\/p>\n<p>Mbapp\u00e9, de 25 a\u00f1os, incluso public\u00f3 algunas fotos en las que se lo ve con indumentaria del Real Madrid, de cuando, a\u00fan ni siquiera adolescente, hizo una prueba en el centro t\u00e9cnico del equipo \u00abmerengue\u00bb, y con el astro portugu\u00e9s Cristiano Ronaldo, en ese momento s\u00edmbolo del club espa\u00f1ol.<\/p>\n<p>El delantero, que en la temporada sum\u00f3 44 goles y 10 asistencias, hab\u00eda adelantado al presidente de Francia, Emmanuel Macron, que en las pr\u00f3ximas horas se anunciar\u00eda oficialmente su arribo al Real Madrid, tambi\u00e9n campe\u00f3n de la Liga de Espa\u00f1a.<\/p>\n<p>\u00ab\u00bfYa est\u00e1 todo? \u00bfSe anuncia hoy?\u00bb, pregunt\u00f3 Macron a Mbapp\u00e9 durante su visita a la selecci\u00f3n de Francia que se prepara para la Eurocopa 2024 prevista del 14 de junio al 14 de julio en Alemania.<\/p>\n<p>\u00abEsta noche, esta noche\u00bb, respondi\u00f3 Mbapp\u00e9 a Macron en el di\u00e1logo entre ambos registrado ante las c\u00e1maras de Rmc en la concentraci\u00f3n francesa de Clairefontaine Mbapp\u00e9, quien acumul\u00f3 un total de 256 goles en 308 partidos con PSG, con el que gan\u00f3 6 t\u00edtulos de la Ligue 1, 2 de la Copa de la Liga y 3 de la Supercopa de Francia.<\/p>\n","protected":false},"excerpt":{"rendered":"<p>Madrid.- El delantero franc\u00e9s, Kylian Mbapp\u00e9, ha confirmado su llegada al flamante Campe\u00f3n de la Liga de Campeones, Real Madrid, quien qued\u00f3 libre del Par\u00eds Saint-Germain tras siete temporadas. El club espa\u00f1ol public\u00f3 un comunicado en su sitio web y en sus cuentas de las redes sociales para confirmar la incorporaci\u00f3n de Mbapp\u00e9, campe\u00f3n mundial [&hellip;]<\/p>\n","protected":false},"author":2,"featured_media":14710,"comment_status":"open","ping_status":"closed","sticky":false,"template":"","format":"standard","meta":{"_jetpack_memberships_contains_paid_content":false,"footnotes":""},"categories":[7],"tags":[354,100],"class_list":["post-14709","post","type-post","status-publish","format-standard","has-post-thumbnail","hentry","category-futbol-internacional","tag-kylian-mbappe","tag-real-madrid"],"jetpack_featured_media_url":"https:\/\/radiocresatelital.com\/wp-content\/uploads\/2024\/06\/553155_1591010.webp","jetpack_sharing_enabled":true,"_links":{"self":[{"href":"https:\/\/radiocresatelital.com\/index.php?rest_route=\/wp\/v2\/posts\/14709","targetHints":{"allow":["GET"]}}],"collection":[{"href":"https:\/\/radiocresatelital.com\/index.php?rest_route=\/wp\/v2\/posts"}],"about":[{"href":"https:\/\/radiocresatelital.com\/index.php?rest_route=\/wp\/v2\/types\/post"}],"author":[{"embeddable":true,"href":"https:\/\/radiocresatelital.com\/index.php?rest_route=\/wp\/v2\/users\/2"}],"replies":[{"embeddable":true,"href":"https:\/\/radiocresatelital.com\/index.php?rest_route=%2Fwp%2Fv2%2Fcomments&post=14709"}],"version-history":[{"count":1,"href":"https:\/\/radiocresatelital.com\/index.php?rest_route=\/wp\/v2\/posts\/14709\/revisions"}],"predecessor-version":[{"id":14711,"href":"https:\/\/radiocresatelital.com\/index.php?rest_route=\/wp\/v2\/posts\/14709\/revisions\/14711"}],"wp:featuredmedia":[{"embeddable":true,"href":"https:\/\/radiocresatelital.com\/index.php?rest_route=\/wp\/v2\/media\/14710"}],"wp:attachment":[{"href":"https:\/\/radiocresatelital.com\/index.php?rest_route=%2Fwp%2Fv2%2Fmedia&parent=14709"}],"wp:term":[{"taxonomy":"category","embeddable":true,"href":"https:\/\/radiocresatelital.com\/index.php?rest_route=%2Fwp%2Fv2%2Fcategories&post=14709"},{"taxonomy":"post_tag","embeddable":true,"href":"https:\/\/radiocresatelital.com\/index.php?rest_route=%2Fwp%2Fv2%2Ftags&post=14709"}],"curies":[{"name":"wp","href":"https:\/\/api.w.org\/{rel}","templated":true}]}}