{"id":14671,"date":"2024-06-02T16:24:15","date_gmt":"2024-06-02T16:24:15","guid":{"rendered":"https:\/\/radiocresatelital.com\/?p=14671"},"modified":"2024-06-02T16:24:24","modified_gmt":"2024-06-02T16:24:24","slug":"fundacion-ligapro-visita-pomasqui-y-beneficia-a-mas-de-500-ninos","status":"publish","type":"post","link":"https:\/\/radiocresatelital.com\/?p=14671","title":{"rendered":"Fundaci\u00f3n LigaPro visita Pomasqui y beneficia a m\u00e1s de 500 ni\u00f1os"},"content":{"rendered":"<p>Quito.- Fundaci\u00f3n LigaPro realiz\u00f3 una visita a la localidad de Pomasqui, perteneciente a Quito, donde m\u00e1s de 500 ni\u00f1os fueron los beneficiados mediante nuestro programa UN GOL POR LA VIDA.<\/p>\n<p>Durante esta jornada, Fundaci\u00f3n LigaPro implement\u00f3 una variedad de actividades estrat\u00e9gicamente dise\u00f1adas para fomentar el desarrollo integral de los ni\u00f1os participantes. Entre las acciones m\u00e1s destacadas se encuentran la entrega de implementaci\u00f3n deportiva donde los ni\u00f1os pudieron recibir equipamientos deportivos, para de esta manera fomentar la pr\u00e1ctica futbol\u00edstica, brigadas m\u00e9dicas por parte de Fundaci\u00f3n Prosperar Salud quienes se encargaron de realizar la revisi\u00f3n m\u00e9dica y entrega de medicamentos para nuestros peque\u00f1os.<\/p>\n<p>Adem\u00e1s, les brindamos charlas motivacionales en las cuales se impartieron sesiones junto al coach deportivo Adri\u00e1n Y\u00e1\u00f1ez, enfocadas en inspirar a los ni\u00f1os a alcanzar sus metas y a superar desaf\u00edos. Charlas nutricionales, el experto en nutrici\u00f3n Juan Javier Arroba Director de Salud LigaPro ofreci\u00f3 informaci\u00f3n valiosa sobre h\u00e1bitos alimenticios saludables, esenciales para el desarrollo y rendimiento deportivo, por \u00faltimo se efectu\u00f3 entrega de hidrataci\u00f3n y snacks en las que se distribuyeron bebidas hidratantes y refrigerios nutritivos, asegurando que los ni\u00f1os estuvieran bien alimentados y energizados durante el evento.<\/p>\n<p>Joffre Paredes Director de Fundaci\u00f3n LigaPro mencion\u00f3 \u201cLos sue\u00f1os se pueden cumplir hay profesionales que estuvieron a su edad tambi\u00e9n entrenando, fueron a jugar, se dedicaron, tuvieron disciplina y son ahora futbolistas profesionales. Como Fundaci\u00f3n LigaPro vamos a recorrer todo el pa\u00eds en much\u00edsimas canchas donde est\u00e9n chicos como ustedes a los que podamos br\u00edndales nuestra ayuda\u201d.<\/p>\n<p>Fundaci\u00f3n LigaPro reafirma su compromiso con el bienestar y el desarrollo de la juventud a trav\u00e9s de estas iniciativas, contribuyendo al crecimiento y la formaci\u00f3n de futuros talentos deportivos y ciudadanos saludables.<\/p>\n","protected":false},"excerpt":{"rendered":"<p>Quito.- Fundaci\u00f3n LigaPro realiz\u00f3 una visita a la localidad de Pomasqui, perteneciente a Quito, donde m\u00e1s de 500 ni\u00f1os fueron los beneficiados mediante nuestro programa UN GOL POR LA VIDA. Durante esta jornada, Fundaci\u00f3n LigaPro implement\u00f3 una variedad de actividades estrat\u00e9gicamente dise\u00f1adas para fomentar el desarrollo integral de los ni\u00f1os participantes. Entre las acciones m\u00e1s [&hellip;]<\/p>\n","protected":false},"author":2,"featured_media":14672,"comment_status":"open","ping_status":"closed","sticky":false,"template":"","format":"standard","meta":{"_jetpack_memberships_contains_paid_content":false,"footnotes":""},"categories":[9],"tags":[582],"class_list":["post-14671","post","type-post","status-publish","format-standard","has-post-thumbnail","hentry","category-deportes","tag-fundacion-ligapro"],"jetpack_featured_media_url":"https:\/\/radiocresatelital.com\/wp-content\/uploads\/2024\/06\/image00004-scaled.jpeg","jetpack_sharing_enabled":true,"_links":{"self":[{"href":"https:\/\/radiocresatelital.com\/index.php?rest_route=\/wp\/v2\/posts\/14671","targetHints":{"allow":["GET"]}}],"collection":[{"href":"https:\/\/radiocresatelital.com\/index.php?rest_route=\/wp\/v2\/posts"}],"about":[{"href":"https:\/\/radiocresatelital.com\/index.php?rest_route=\/wp\/v2\/types\/post"}],"author":[{"embeddable":true,"href":"https:\/\/radiocresatelital.com\/index.php?rest_route=\/wp\/v2\/users\/2"}],"replies":[{"embeddable":true,"href":"https:\/\/radiocresatelital.com\/index.php?rest_route=%2Fwp%2Fv2%2Fcomments&post=14671"}],"version-history":[{"count":1,"href":"https:\/\/radiocresatelital.com\/index.php?rest_route=\/wp\/v2\/posts\/14671\/revisions"}],"predecessor-version":[{"id":14673,"href":"https:\/\/radiocresatelital.com\/index.php?rest_route=\/wp\/v2\/posts\/14671\/revisions\/14673"}],"wp:featuredmedia":[{"embeddable":true,"href":"https:\/\/radiocresatelital.com\/index.php?rest_route=\/wp\/v2\/media\/14672"}],"wp:attachment":[{"href":"https:\/\/radiocresatelital.com\/index.php?rest_route=%2Fwp%2Fv2%2Fmedia&parent=14671"}],"wp:term":[{"taxonomy":"category","embeddable":true,"href":"https:\/\/radiocresatelital.com\/index.php?rest_route=%2Fwp%2Fv2%2Fcategories&post=14671"},{"taxonomy":"post_tag","embeddable":true,"href":"https:\/\/radiocresatelital.com\/index.php?rest_route=%2Fwp%2Fv2%2Ftags&post=14671"}],"curies":[{"name":"wp","href":"https:\/\/api.w.org\/{rel}","templated":true}]}}