{"id":14643,"date":"2024-06-01T17:27:52","date_gmt":"2024-06-01T17:27:52","guid":{"rendered":"https:\/\/radiocresatelital.com\/?p=14643"},"modified":"2024-06-01T18:32:50","modified_gmt":"2024-06-01T18:32:50","slug":"segunda-edicion-del-festival-de-las-sopas-regresa-al-mercado-del-rio-con-mas-de-40-propuestas-para-poder-degustar","status":"publish","type":"post","link":"https:\/\/radiocresatelital.com\/?p=14643","title":{"rendered":"Segunda Edici\u00f3n del \u00abFestival de las Sopas\u00bb regresa al mercado del R\u00edo con m\u00e1s de 40 propuestas para poder degustar"},"content":{"rendered":"<p class=\"x_MsoNormal\"><span lang=\"ES-MX\">Guayaquil.- Por segundo a\u00f1o consecutivo Mercado del R\u00edo\u00a0se apresta para iniciar una nueva edici\u00f3n de su exitosa propuesta\u00a0\u201cFestival de las Sopas\u201d,\u00a0que re\u00fane bajo un mismo techo m\u00e1s de 40 propuestas de este exquisito potaje, tan demandado y preferido por los ecuatorianos, considerado como una joya de la gastronom\u00eda nacional.<\/span><span lang=\"ES-MX\">\u00a0<\/span><\/p>\n<p class=\"x_MsoNormal\"><span lang=\"ES-MX\">As\u00ed, desde el\u00a030 de mayo al 9 de junio\u00a0los comensales con paladares m\u00e1s exigentes y tradicionales podr\u00e1n disfrutar de este encuentro cultural y gastron\u00f3mico en donde se probar\u00e1n diferentes sabores entre\u00a0m\u00e1s de 40 sopas,\u00a0que ser\u00e1n parte de la oferta culinaria de\u00a0una docena de restaurantes\u00a0de este conocido mercado gastron\u00f3mico guayaquile\u00f1o.<\/span><span lang=\"ES-MX\">\u00a0<\/span><\/p>\n<p class=\"x_MsoNormal\"><span lang=\"ES-MX\">Para los organizadores de este evento, el\u00a0\u201cFestival de las Sopas\u201d,\u00a0es el espacio para\u00a0rendir un merecido reconocimiento e impulsar la variedad de estos platillos\u00a0tan distintivos y peculiares que tiene Ecuador, mostrando la diversidad que ofrecen las distintas regiones del pa\u00eds y que adem\u00e1s incorpora opciones internacionales.<\/span><span lang=\"ES-MX\">\u00a0<\/span><\/p>\n<p class=\"x_MsoNormal\"><span lang=\"ES-MX\">Tambi\u00e9n este evento tiene como atractivo la\u00a0selecci\u00f3n de la MEJOR SOPA del festival,\u00a0esto se logra gracias a la participaci\u00f3n de los visitantes quienes tendr\u00e1n la oportunidad, luego de degustar las alternativas presentadas, de elegir al mejor platillo de esta edici\u00f3n y dar el\u00a0\u201cCAMPANAZO\u201d\u00a0por su preferida.<\/span><span lang=\"ES-MX\">\u00a0<\/span><\/p>\n<p class=\"x_MsoNormal\"><span lang=\"ES-MX\">De esta manera\u00a0Mercado del R\u00edo,\u00a0hace La cordial invitaci\u00f3n al p\u00fablico local, nacional y extranjero, a que visite sus instalaciones y disfrute de esta fiesta de sabores, conozca m\u00e1s sobre la identidad, cultura, ingredientes y secretos detr\u00e1s de esta delicia culinaria que se ha convertido en un elemento infaltable en la mesa ecuatoriana.<\/span><span lang=\"ES-MX\">\u00a0<\/span><\/p>\n<p class=\"x_MsoNormal\"><b><span lang=\"ES-MX\">RESTAURANTES PARTICIPANTES:<\/span><\/b><span lang=\"ES-MX\">\u00a0Walter Fish, La esquina de Beto, Aguaita somos manaba de la Balandra, La Balandra, Nuvo, Gust Concha, Mikasuki, Don Taco, La Tasca del R\u00edo, La Chanchada, Arepa Caf\u00e9, Carapacho Guayaco, Los Arbolitos 2.<\/span><span lang=\"ES-MX\">\u00a0<\/span><\/p>\n<p class=\"x_MsoNormal\"><b><span lang=\"ES-MX\">HORARIOS DE ATENCI\u00d3N Y DIRECCI\u00d3N:<\/span><\/b><\/p>\n<p class=\"x_MsoNormal\"><span lang=\"ES-MX\">Desde el 30 de mayo al 9 de junio en los horarios: lunes a jueves de 12h00 a 21h00 locales (17h00 a 02h00 GMT), viernes y s\u00e1bado de 12h00 a 23h00 locales (17h00 a 04h00 GMT) y domingos de 12h00 a 19h00 locales (17h00 a 00h00 GMT).<\/span><\/p>\n<p class=\"x_MsoNormal\"><span lang=\"ES-MX\">Mercado del R\u00edo est\u00e1 ubicado en Malec\u00f3n 2000, Av. Malec\u00f3n y calle Col\u00f3n.<\/span><span lang=\"ES-MX\">\u00a0<\/span><\/p>\n<p class=\"x_MsoNormal\"><span lang=\"ES-MX\">Para m\u00e1s detalles del \u201cFestival de las Sopas\u201d visitar\u00a0<\/span><a id=\"LPlnk593739\" href=\"http:\/\/www.mercadodelrio.com.ec\/\" target=\"_blank\" rel=\"noopener noreferrer\" data-auth=\"NotApplicable\" data-linkindex=\"0\"><span lang=\"ES-MX\">www.mercadodelrio.com.ec<\/span><\/a><span lang=\"ES-MX\">\u00a0y las redes sociales @mercadodelrioec en Instagram y TikTok, @mercadodelrio en Facebook.<\/span><\/p>\n","protected":false},"excerpt":{"rendered":"<p>Guayaquil.- Por segundo a\u00f1o consecutivo Mercado del R\u00edo\u00a0se apresta para iniciar una nueva edici\u00f3n de su exitosa propuesta\u00a0\u201cFestival de las Sopas\u201d,\u00a0que re\u00fane bajo un mismo techo m\u00e1s de 40 propuestas de este exquisito potaje, tan demandado y preferido por los ecuatorianos, considerado como una joya de la gastronom\u00eda nacional.\u00a0 As\u00ed, desde el\u00a030 de mayo al [&hellip;]<\/p>\n","protected":false},"author":2,"featured_media":14644,"comment_status":"open","ping_status":"closed","sticky":false,"template":"","format":"standard","meta":{"_jetpack_memberships_contains_paid_content":false,"footnotes":""},"categories":[919],"tags":[2430],"class_list":["post-14643","post","type-post","status-publish","format-standard","has-post-thumbnail","hentry","category-gastronomia","tag-festival-de-las-sopas"],"jetpack_featured_media_url":"https:\/\/radiocresatelital.com\/wp-content\/uploads\/2024\/06\/DIRECTOR-MERCADO-DEL-RIO-Y-REPRESENTANTES-DE-RESTAURANTES-1-scaled.jpeg","jetpack_sharing_enabled":true,"_links":{"self":[{"href":"https:\/\/radiocresatelital.com\/index.php?rest_route=\/wp\/v2\/posts\/14643","targetHints":{"allow":["GET"]}}],"collection":[{"href":"https:\/\/radiocresatelital.com\/index.php?rest_route=\/wp\/v2\/posts"}],"about":[{"href":"https:\/\/radiocresatelital.com\/index.php?rest_route=\/wp\/v2\/types\/post"}],"author":[{"embeddable":true,"href":"https:\/\/radiocresatelital.com\/index.php?rest_route=\/wp\/v2\/users\/2"}],"replies":[{"embeddable":true,"href":"https:\/\/radiocresatelital.com\/index.php?rest_route=%2Fwp%2Fv2%2Fcomments&post=14643"}],"version-history":[{"count":1,"href":"https:\/\/radiocresatelital.com\/index.php?rest_route=\/wp\/v2\/posts\/14643\/revisions"}],"predecessor-version":[{"id":14645,"href":"https:\/\/radiocresatelital.com\/index.php?rest_route=\/wp\/v2\/posts\/14643\/revisions\/14645"}],"wp:featuredmedia":[{"embeddable":true,"href":"https:\/\/radiocresatelital.com\/index.php?rest_route=\/wp\/v2\/media\/14644"}],"wp:attachment":[{"href":"https:\/\/radiocresatelital.com\/index.php?rest_route=%2Fwp%2Fv2%2Fmedia&parent=14643"}],"wp:term":[{"taxonomy":"category","embeddable":true,"href":"https:\/\/radiocresatelital.com\/index.php?rest_route=%2Fwp%2Fv2%2Fcategories&post=14643"},{"taxonomy":"post_tag","embeddable":true,"href":"https:\/\/radiocresatelital.com\/index.php?rest_route=%2Fwp%2Fv2%2Ftags&post=14643"}],"curies":[{"name":"wp","href":"https:\/\/api.w.org\/{rel}","templated":true}]}}