{"id":14554,"date":"2024-05-30T22:42:29","date_gmt":"2024-05-30T22:42:29","guid":{"rendered":"https:\/\/radiocresatelital.com\/?p=14554"},"modified":"2024-05-30T22:42:29","modified_gmt":"2024-05-30T22:42:29","slug":"gobernacion-del-guayas-fortalece-la-cooperacion-insterinstitucional-con-los-gads-municipales-en-beneficio-ciudadano","status":"publish","type":"post","link":"https:\/\/radiocresatelital.com\/?p=14554","title":{"rendered":"Gobernaci\u00f3n del Guayas fortalece la cooperaci\u00f3n insterinstitucional con los GADS Municipales en beneficio ciudadano"},"content":{"rendered":"<p>Guayaquil.- Durante la \u00faltima semana, el Gobernador del Guayas, Vicente Auad, ha mantenido reuniones de trabajo con los alcaldes de Dur\u00e1n, Yaguachi, Balao, Palestina, Bucay, Sim\u00f3n Bol\u00edvar y El Triunfo, as\u00ed tambi\u00e9n con el delegado del alcalde de Guayaquil, Alex Anchundia, gerente de Segura EP. Estos encuentros han permitido identificar las carencias y problem\u00e1ticas espec\u00edficas en cada cant\u00f3n, as\u00ed como las \u00e1reas de mejora en los servicios gubernamentales.<\/p>\n<p>El an\u00e1lisis detallado de las necesidades presentado por los gobiernos municipales ha sido fundamental para trazar una hoja de ruta efectiva.<\/p>\n<p>Incremento de Personal Policial: Los ediles han solicitado al gobernador Auad que se aumente el n\u00famero de uniformados en sus respectivos cantones. Esta medida tiene como objetivo precautelar la seguridad ciudadana y garantizar una presencia policial efectiva en las comunidades locales.<\/p>\n<p>Luis Su\u00e1rez, alcalde de Palestina destaca la importancia de articular acciones desde el gobierno central con las autoridades locales.<\/p>\n<p>Mejora de los servicios gubernamentales: Se ha puesto especial \u00e9nfasis en reforzar la operatividad y atenci\u00f3n de los centros de salud y hospitales, con el abastecimiento de medicamentos; Registro Civil, con brigadas de atenci\u00f3n, mejoramiento de infraestructura de escuelas, colegios, servicio el\u00e9ctrico por parte de CNEL, entre otros son prioridades que se abordar\u00e1n de manera urgente.<\/p>\n<p>Por su parte Sandy G\u00f3mez, alcaldesa de Balao recalca la importancia del di\u00e1logo con el gobernador del Guayas en las mesas de trabajo. donde se tomar\u00e1n decisiones importantes en beneficio de los ciudadanos.<\/p>\n<p>El gobierno de El Nuevo Ecuador ha reiterado su compromiso con la seguridad de los guayasenses. \u201cEstamos aqu\u00ed para buscar soluciones a los temas prioritarios que afectan a nuestra comunidad y juntos avanzar hacia el desarrollo\u201d, afirm\u00f3 el gobernador Auad. El gobierno est\u00e1 listo para trabajar coordinadamente con cada uno de los gobiernos municipales y fortalecer la seguridad que impulsa el desarrollo del cant\u00f3n.<\/p>\n<p>El Gobernador ha visitado, en territorio a los alcaldes de Naranjal, Nobol y Daule<\/p>\n","protected":false},"excerpt":{"rendered":"<p>Guayaquil.- Durante la \u00faltima semana, el Gobernador del Guayas, Vicente Auad, ha mantenido reuniones de trabajo con los alcaldes de Dur\u00e1n, Yaguachi, Balao, Palestina, Bucay, Sim\u00f3n Bol\u00edvar y El Triunfo, as\u00ed tambi\u00e9n con el delegado del alcalde de Guayaquil, Alex Anchundia, gerente de Segura EP. Estos encuentros han permitido identificar las carencias y problem\u00e1ticas espec\u00edficas [&hellip;]<\/p>\n","protected":false},"author":2,"featured_media":14555,"comment_status":"open","ping_status":"closed","sticky":false,"template":"","format":"standard","meta":{"_jetpack_memberships_contains_paid_content":false,"footnotes":""},"categories":[1],"tags":[1370,2212],"class_list":["post-14554","post","type-post","status-publish","format-standard","has-post-thumbnail","hentry","category-publicidad","tag-gobernador-del-guayas","tag-vicente-auad"],"jetpack_featured_media_url":"https:\/\/radiocresatelital.com\/wp-content\/uploads\/2024\/05\/a21df61c-80e9-46ea-93ee-29c14630eb0b.jpeg","jetpack_sharing_enabled":true,"_links":{"self":[{"href":"https:\/\/radiocresatelital.com\/index.php?rest_route=\/wp\/v2\/posts\/14554","targetHints":{"allow":["GET"]}}],"collection":[{"href":"https:\/\/radiocresatelital.com\/index.php?rest_route=\/wp\/v2\/posts"}],"about":[{"href":"https:\/\/radiocresatelital.com\/index.php?rest_route=\/wp\/v2\/types\/post"}],"author":[{"embeddable":true,"href":"https:\/\/radiocresatelital.com\/index.php?rest_route=\/wp\/v2\/users\/2"}],"replies":[{"embeddable":true,"href":"https:\/\/radiocresatelital.com\/index.php?rest_route=%2Fwp%2Fv2%2Fcomments&post=14554"}],"version-history":[{"count":1,"href":"https:\/\/radiocresatelital.com\/index.php?rest_route=\/wp\/v2\/posts\/14554\/revisions"}],"predecessor-version":[{"id":14556,"href":"https:\/\/radiocresatelital.com\/index.php?rest_route=\/wp\/v2\/posts\/14554\/revisions\/14556"}],"wp:featuredmedia":[{"embeddable":true,"href":"https:\/\/radiocresatelital.com\/index.php?rest_route=\/wp\/v2\/media\/14555"}],"wp:attachment":[{"href":"https:\/\/radiocresatelital.com\/index.php?rest_route=%2Fwp%2Fv2%2Fmedia&parent=14554"}],"wp:term":[{"taxonomy":"category","embeddable":true,"href":"https:\/\/radiocresatelital.com\/index.php?rest_route=%2Fwp%2Fv2%2Fcategories&post=14554"},{"taxonomy":"post_tag","embeddable":true,"href":"https:\/\/radiocresatelital.com\/index.php?rest_route=%2Fwp%2Fv2%2Ftags&post=14554"}],"curies":[{"name":"wp","href":"https:\/\/api.w.org\/{rel}","templated":true}]}}