{"id":14551,"date":"2024-05-30T22:32:13","date_gmt":"2024-05-30T22:32:13","guid":{"rendered":"https:\/\/radiocresatelital.com\/?p=14551"},"modified":"2024-05-30T22:32:13","modified_gmt":"2024-05-30T22:32:13","slug":"hermanos-mateo-y-bernardo-suarez-confirmados-en-tri-sub-12-para-sudamericano","status":"publish","type":"post","link":"https:\/\/radiocresatelital.com\/?p=14551","title":{"rendered":"Hermanos Mateo y Bernardo Su\u00e1rez confirmados en TRI sub-12 para Sudamericano"},"content":{"rendered":"<p>Guayaquil.- Los pichinchanos Mateo y Bernardo Su\u00e1rez conformar\u00e1n el equipo masculino de Ecuador que nos representar\u00e1 en el Campeonato Sudamericano sub-12 a jugarse en junio en Luque (Paraguay).<\/p>\n<p>En el selectivo de la rama masculina, Mateo y Bernardo sellaron su presencia en el equipo nacional al ganar en semifinales a Mateo Espinoza (4-6, 7-6(5), 6-3) y Juan Estrada (4-6, 6-1, 6-2).<\/p>\n<p>Luego, se jug\u00f3 el partido por el tercer lugar entre los perdedores de las semifinales, siendo el ganador Espinoza ante Estrada 6-2 y 6-3.<\/p>\n<p>En damas los dos cupos para el Sudamericano se definir\u00e1n ma\u00f1ana viernes en dos semifinales: Kyara Qui\u00f1\u00f3nez (Manab\u00ed) ante Mar\u00eda Flores (Guayas); y, Mar\u00eda Bustillo (Pichincha) vs Luciana Vill\u00f3n (Guayas). Las ganadoras formar\u00e1n el equipo femenino y las perdedoras definir\u00e1n el tercer lugar del evento.<\/p>\n<p>El selectivo se desarrolla en el Centro Nacional de la FET (Lomas de Urdesa) del 26 al 31 de mayo.<\/p>\n","protected":false},"excerpt":{"rendered":"<p>Guayaquil.- Los pichinchanos Mateo y Bernardo Su\u00e1rez conformar\u00e1n el equipo masculino de Ecuador que nos representar\u00e1 en el Campeonato Sudamericano sub-12 a jugarse en junio en Luque (Paraguay). En el selectivo de la rama masculina, Mateo y Bernardo sellaron su presencia en el equipo nacional al ganar en semifinales a Mateo Espinoza (4-6, 7-6(5), 6-3) [&hellip;]<\/p>\n","protected":false},"author":2,"featured_media":14552,"comment_status":"open","ping_status":"closed","sticky":false,"template":"","format":"standard","meta":{"_jetpack_memberships_contains_paid_content":false,"footnotes":""},"categories":[9,64],"tags":[2420],"class_list":["post-14551","post","type-post","status-publish","format-standard","has-post-thumbnail","hentry","category-deportes","category-tenis","tag-sudamerinaco-de-tenis-sub12"],"jetpack_featured_media_url":"https:\/\/radiocresatelital.com\/wp-content\/uploads\/2024\/05\/4cf5a03f-c169-4374-a1e3-1ce47fdcb522.jpeg","jetpack_sharing_enabled":true,"_links":{"self":[{"href":"https:\/\/radiocresatelital.com\/index.php?rest_route=\/wp\/v2\/posts\/14551","targetHints":{"allow":["GET"]}}],"collection":[{"href":"https:\/\/radiocresatelital.com\/index.php?rest_route=\/wp\/v2\/posts"}],"about":[{"href":"https:\/\/radiocresatelital.com\/index.php?rest_route=\/wp\/v2\/types\/post"}],"author":[{"embeddable":true,"href":"https:\/\/radiocresatelital.com\/index.php?rest_route=\/wp\/v2\/users\/2"}],"replies":[{"embeddable":true,"href":"https:\/\/radiocresatelital.com\/index.php?rest_route=%2Fwp%2Fv2%2Fcomments&post=14551"}],"version-history":[{"count":1,"href":"https:\/\/radiocresatelital.com\/index.php?rest_route=\/wp\/v2\/posts\/14551\/revisions"}],"predecessor-version":[{"id":14553,"href":"https:\/\/radiocresatelital.com\/index.php?rest_route=\/wp\/v2\/posts\/14551\/revisions\/14553"}],"wp:featuredmedia":[{"embeddable":true,"href":"https:\/\/radiocresatelital.com\/index.php?rest_route=\/wp\/v2\/media\/14552"}],"wp:attachment":[{"href":"https:\/\/radiocresatelital.com\/index.php?rest_route=%2Fwp%2Fv2%2Fmedia&parent=14551"}],"wp:term":[{"taxonomy":"category","embeddable":true,"href":"https:\/\/radiocresatelital.com\/index.php?rest_route=%2Fwp%2Fv2%2Fcategories&post=14551"},{"taxonomy":"post_tag","embeddable":true,"href":"https:\/\/radiocresatelital.com\/index.php?rest_route=%2Fwp%2Fv2%2Ftags&post=14551"}],"curies":[{"name":"wp","href":"https:\/\/api.w.org\/{rel}","templated":true}]}}