{"id":14544,"date":"2024-05-30T20:55:02","date_gmt":"2024-05-30T20:55:02","guid":{"rendered":"https:\/\/radiocresatelital.com\/?p=14544"},"modified":"2024-05-30T20:55:02","modified_gmt":"2024-05-30T20:55:02","slug":"elizabeth-bravo-representara-al-team-toscana-en-los-juegos-olimpicos-paris-2024","status":"publish","type":"post","link":"https:\/\/radiocresatelital.com\/?p=14544","title":{"rendered":"Elizabeth Bravo representar\u00e1 al Team Toscana en los Juegos Ol\u00edmpicos Par\u00eds 2024"},"content":{"rendered":"<p>Guayaquil.- El Comit\u00e9 Ol\u00edmpico Ecuatoriano (COE) confirm\u00f3 la participaci\u00f3n de la triatleta Elizabeth Bravo, que pertenece al <strong>Team Toscana, <\/strong>en los Juegos Ol\u00edmpicos Par\u00eds 2024, que se cumplir\u00e1n del 26 de julio al 11 de agosto.<\/p>\n<p>La deportista cuencana de 37 a\u00f1os accedi\u00f3 al cupo directo al ubicarse entre las primeras 50 mejores del mundo. Esto producto a sus buenos resultados en el ciclo ol\u00edmpico, entre ellos y el m\u00e1s reciente el t\u00edtulo panamericano conseguido en Miami.<\/p>\n<p>Estos ser\u00e1n los cuartos Juegos Ol\u00edmpicos de la triatleta del <strong>Team Toscana, <\/strong>tras su participaci\u00f3n en Londres 2012, d\u00f3nde debut\u00f3, R\u00edo de Janeiro 2016, Tokio 2020 y ahora Par\u00eds 2024.<\/p>\n<p>Antes de recibir la confirmaci\u00f3n del COE y del Comit\u00e9 Ol\u00edmpico Internacional, Bravo tuvo buenos desempe\u00f1os en las paradas del Mundial de Triatl\u00f3n, c\u00f3mo en M\u00e9xico y China.<\/p>\n<p>Los JJOO en la capital francesa ser\u00e1n especiales para la mejor triatleta del pa\u00eds, debido a que \u201cser\u00e1n mis \u00faltimos Juegos\u201d, coment\u00f3 Bravo, quien es profesional en fisioterapia y cuenta con un m\u00e1ster en osteopat\u00eda.<\/p>\n<p>Al respecto de lo que significa participar en una olimpiada, la deportista del <strong>Team Toscana <\/strong>mencion\u00f3 que \u201ces una experiencia inolvidable, estar ah\u00ed, entre tantos deportistas y que conozcan donde est\u00e1 mi pa\u00eds\u201d, se\u00f1al\u00f3 en su momento.<\/p>\n<p>Ahora la triatleta azuaya se enfocar\u00e1 en su preparaci\u00f3n para la prueba femenina que se cumplir\u00e1 el pr\u00f3ximo 31 de julio en los alrededores de Par\u00eds. La meta estar\u00e1 en Pont Alexandre III.<\/p>\n","protected":false},"excerpt":{"rendered":"<p>Guayaquil.- El Comit\u00e9 Ol\u00edmpico Ecuatoriano (COE) confirm\u00f3 la participaci\u00f3n de la triatleta Elizabeth Bravo, que pertenece al Team Toscana, en los Juegos Ol\u00edmpicos Par\u00eds 2024, que se cumplir\u00e1n del 26 de julio al 11 de agosto. La deportista cuencana de 37 a\u00f1os accedi\u00f3 al cupo directo al ubicarse entre las primeras 50 mejores del mundo. [&hellip;]<\/p>\n","protected":false},"author":2,"featured_media":14545,"comment_status":"open","ping_status":"closed","sticky":false,"template":"","format":"standard","meta":{"_jetpack_memberships_contains_paid_content":false,"footnotes":""},"categories":[9],"tags":[2419],"class_list":["post-14544","post","type-post","status-publish","format-standard","has-post-thumbnail","hentry","category-deportes","tag-team-toscana"],"jetpack_featured_media_url":"https:\/\/radiocresatelital.com\/wp-content\/uploads\/2024\/05\/00afe47a-a24e-4346-baf6-73e3196fcb42.jpeg","jetpack_sharing_enabled":true,"_links":{"self":[{"href":"https:\/\/radiocresatelital.com\/index.php?rest_route=\/wp\/v2\/posts\/14544","targetHints":{"allow":["GET"]}}],"collection":[{"href":"https:\/\/radiocresatelital.com\/index.php?rest_route=\/wp\/v2\/posts"}],"about":[{"href":"https:\/\/radiocresatelital.com\/index.php?rest_route=\/wp\/v2\/types\/post"}],"author":[{"embeddable":true,"href":"https:\/\/radiocresatelital.com\/index.php?rest_route=\/wp\/v2\/users\/2"}],"replies":[{"embeddable":true,"href":"https:\/\/radiocresatelital.com\/index.php?rest_route=%2Fwp%2Fv2%2Fcomments&post=14544"}],"version-history":[{"count":1,"href":"https:\/\/radiocresatelital.com\/index.php?rest_route=\/wp\/v2\/posts\/14544\/revisions"}],"predecessor-version":[{"id":14546,"href":"https:\/\/radiocresatelital.com\/index.php?rest_route=\/wp\/v2\/posts\/14544\/revisions\/14546"}],"wp:featuredmedia":[{"embeddable":true,"href":"https:\/\/radiocresatelital.com\/index.php?rest_route=\/wp\/v2\/media\/14545"}],"wp:attachment":[{"href":"https:\/\/radiocresatelital.com\/index.php?rest_route=%2Fwp%2Fv2%2Fmedia&parent=14544"}],"wp:term":[{"taxonomy":"category","embeddable":true,"href":"https:\/\/radiocresatelital.com\/index.php?rest_route=%2Fwp%2Fv2%2Fcategories&post=14544"},{"taxonomy":"post_tag","embeddable":true,"href":"https:\/\/radiocresatelital.com\/index.php?rest_route=%2Fwp%2Fv2%2Ftags&post=14544"}],"curies":[{"name":"wp","href":"https:\/\/api.w.org\/{rel}","templated":true}]}}