{"id":1448,"date":"2023-07-22T17:22:14","date_gmt":"2023-07-22T17:22:14","guid":{"rendered":"https:\/\/radiocresatelital.com\/?p=1448"},"modified":"2023-07-22T17:22:14","modified_gmt":"2023-07-22T17:22:14","slug":"por-primera-vez-en-zamora-se-inauguro-el-campeonato-nacional-de-lucha-u15","status":"publish","type":"post","link":"https:\/\/radiocresatelital.com\/?p=1448","title":{"rendered":"Por primera vez en Zamora se inaugur\u00f3 el Campeonato Nacional de Lucha U15"},"content":{"rendered":"<p>Zamora.- Con la participaci\u00f3n de 19 provincias del pa\u00eds, se inaugur\u00f3 por primera vez en Zamora Chinchipe, el Campeonato Nacional de Lucha Ol\u00edmpica U15, organizado por la Federaci\u00f3n Ecuatoriana de Lucha y la Federaci\u00f3n Deportiva Provincial de Zamora Chinchipe.<\/p>\n<p>El Coliseo de Deportes de la ciudad de Zamora acoge a 288 deportistas en las modalidades greco y libre, quienes aprovechar\u00e1n este evento como preparaci\u00f3n para lo que ser\u00e1n los Juegos Nacionales Juveniles Chimborazo 2023 y el Panamericano U15 a realizarse en Panam\u00e1.<\/p>\n<p>\u00abHoy inauguramos este campeonato en la provincia de Zamora y nos sentimos contentos por el gran nivel competitivo que tenemos actualmente a nivel nacional e internacional, somos n\u00famero uno en el ranking mundial con Luc\u00eda Y\u00e9pez y eso nos da la pauta de que se realiza un buen trabajo en equipo\u00bb se\u00f1al\u00f3 Freddy Acu\u00f1a, delegado de la ecuatoriana de este deporte.<\/p>\n<p>Por su parte Jos\u00e9 Luis Larreategui, Coordinador Zonal 7 del Ministerio del Deporte destac\u00f3 la organizaci\u00f3n del evento: \u201cmuy contentos de tener a deportistas de todo el pa\u00eds en nuestra zona. Para el desarrollo de este evento invertimos a trav\u00e9s de la<br \/>\necuatoriana 10.500 d\u00f3lares para arbitraje y gastos referentes al torneo\u00bb.<\/p>\n<p>Azuay, Bol\u00edvar, Chimborazo, Cotopaxi, Guayas, Imbabura, Loja, Los R\u00edos, Manab\u00ed, Morona Santiago, Pastaza, Pichincha, Santo Domingo, Santa Elena, Orellana, Sucumb\u00edos, Esmeraldas, Tungurahua y Zamora Chinchipe, son las provincias participantes del Campeonato Nacional de lucha U15.<\/p>\n<p>Los combates en el coliseo de la ciudad oriental se desarrollar\u00e1n hasta el 20 de junio para luego trasladarse el 21de junio al Complejo Municipal de Santa Elena para ejecutar lo que ser\u00e1 la modalidad de lucha de playa.<\/p>\n","protected":false},"excerpt":{"rendered":"<p>Zamora.- Con la participaci\u00f3n de 19 provincias del pa\u00eds, se inaugur\u00f3 por primera vez en Zamora Chinchipe, el Campeonato Nacional de Lucha Ol\u00edmpica U15, organizado por la Federaci\u00f3n Ecuatoriana de Lucha y la Federaci\u00f3n Deportiva Provincial de Zamora Chinchipe. El Coliseo de Deportes de la ciudad de Zamora acoge a 288 deportistas en las modalidades [&hellip;]<\/p>\n","protected":false},"author":2,"featured_media":1449,"comment_status":"open","ping_status":"closed","sticky":false,"template":"","format":"standard","meta":{"_jetpack_memberships_contains_paid_content":false,"footnotes":""},"categories":[9],"tags":[345],"class_list":["post-1448","post","type-post","status-publish","format-standard","has-post-thumbnail","hentry","category-deportes","tag-campeonato-nacional-de-lucha"],"jetpack_featured_media_url":"https:\/\/radiocresatelital.com\/wp-content\/uploads\/2023\/07\/c3cf096e-ead2-42ae-a352-167b237d659a.jpg","jetpack_sharing_enabled":true,"_links":{"self":[{"href":"https:\/\/radiocresatelital.com\/index.php?rest_route=\/wp\/v2\/posts\/1448","targetHints":{"allow":["GET"]}}],"collection":[{"href":"https:\/\/radiocresatelital.com\/index.php?rest_route=\/wp\/v2\/posts"}],"about":[{"href":"https:\/\/radiocresatelital.com\/index.php?rest_route=\/wp\/v2\/types\/post"}],"author":[{"embeddable":true,"href":"https:\/\/radiocresatelital.com\/index.php?rest_route=\/wp\/v2\/users\/2"}],"replies":[{"embeddable":true,"href":"https:\/\/radiocresatelital.com\/index.php?rest_route=%2Fwp%2Fv2%2Fcomments&post=1448"}],"version-history":[{"count":1,"href":"https:\/\/radiocresatelital.com\/index.php?rest_route=\/wp\/v2\/posts\/1448\/revisions"}],"predecessor-version":[{"id":1450,"href":"https:\/\/radiocresatelital.com\/index.php?rest_route=\/wp\/v2\/posts\/1448\/revisions\/1450"}],"wp:featuredmedia":[{"embeddable":true,"href":"https:\/\/radiocresatelital.com\/index.php?rest_route=\/wp\/v2\/media\/1449"}],"wp:attachment":[{"href":"https:\/\/radiocresatelital.com\/index.php?rest_route=%2Fwp%2Fv2%2Fmedia&parent=1448"}],"wp:term":[{"taxonomy":"category","embeddable":true,"href":"https:\/\/radiocresatelital.com\/index.php?rest_route=%2Fwp%2Fv2%2Fcategories&post=1448"},{"taxonomy":"post_tag","embeddable":true,"href":"https:\/\/radiocresatelital.com\/index.php?rest_route=%2Fwp%2Fv2%2Ftags&post=1448"}],"curies":[{"name":"wp","href":"https:\/\/api.w.org\/{rel}","templated":true}]}}