{"id":14479,"date":"2024-05-29T16:19:44","date_gmt":"2024-05-29T16:19:44","guid":{"rendered":"https:\/\/radiocresatelital.com\/?p=14479"},"modified":"2024-05-29T16:19:44","modified_gmt":"2024-05-29T16:19:44","slug":"contraloria-examina-caso-guschmer","status":"publish","type":"post","link":"https:\/\/radiocresatelital.com\/?p=14479","title":{"rendered":"Contralor\u00eda examina caso Guschmer"},"content":{"rendered":"<p>Quito.- Luego de una verificaci\u00f3n preliminar, la Contralor\u00eda, encontr\u00f3 motivos suficientes para iniciar un examen especial al cumplimiento de requisitos de Andr\u00e9s Guschmer para ser ministro del Deporte.<\/p>\n<p>El examen a la declaraci\u00f3n juramentada de Guschmer, que \u00e9l mismo solicit\u00f3, le permitir\u00e1 al organismo de control determinar si puede o no ser ministro, en su condici\u00f3n de accionista de un canal de televisi\u00f3n.<\/p>\n<p>La Constituci\u00f3n proh\u00edbe cumplir esas funciones p\u00fablicas\u00a0<b>a quienes son propietarios o miembros del directorio de personas jur\u00eddicas privadas<\/b>, que tengan contratos con el Estado.<\/p>\n","protected":false},"excerpt":{"rendered":"<p>Quito.- Luego de una verificaci\u00f3n preliminar, la Contralor\u00eda, encontr\u00f3 motivos suficientes para iniciar un examen especial al cumplimiento de requisitos de Andr\u00e9s Guschmer para ser ministro del Deporte. El examen a la declaraci\u00f3n juramentada de Guschmer, que \u00e9l mismo solicit\u00f3, le permitir\u00e1 al organismo de control determinar si puede o no ser ministro, en su [&hellip;]<\/p>\n","protected":false},"author":3,"featured_media":7072,"comment_status":"open","ping_status":"closed","sticky":false,"template":"","format":"standard","meta":{"_jetpack_memberships_contains_paid_content":false,"footnotes":""},"categories":[2163],"tags":[2409],"class_list":["post-14479","post","type-post","status-publish","format-standard","has-post-thumbnail","hentry","category-noticias","tag-andresguschmer"],"jetpack_featured_media_url":"https:\/\/radiocresatelital.com\/wp-content\/uploads\/2023\/11\/Andres-Gushmer-comunicador-social.jpg","jetpack_sharing_enabled":true,"_links":{"self":[{"href":"https:\/\/radiocresatelital.com\/index.php?rest_route=\/wp\/v2\/posts\/14479","targetHints":{"allow":["GET"]}}],"collection":[{"href":"https:\/\/radiocresatelital.com\/index.php?rest_route=\/wp\/v2\/posts"}],"about":[{"href":"https:\/\/radiocresatelital.com\/index.php?rest_route=\/wp\/v2\/types\/post"}],"author":[{"embeddable":true,"href":"https:\/\/radiocresatelital.com\/index.php?rest_route=\/wp\/v2\/users\/3"}],"replies":[{"embeddable":true,"href":"https:\/\/radiocresatelital.com\/index.php?rest_route=%2Fwp%2Fv2%2Fcomments&post=14479"}],"version-history":[{"count":1,"href":"https:\/\/radiocresatelital.com\/index.php?rest_route=\/wp\/v2\/posts\/14479\/revisions"}],"predecessor-version":[{"id":14480,"href":"https:\/\/radiocresatelital.com\/index.php?rest_route=\/wp\/v2\/posts\/14479\/revisions\/14480"}],"wp:featuredmedia":[{"embeddable":true,"href":"https:\/\/radiocresatelital.com\/index.php?rest_route=\/wp\/v2\/media\/7072"}],"wp:attachment":[{"href":"https:\/\/radiocresatelital.com\/index.php?rest_route=%2Fwp%2Fv2%2Fmedia&parent=14479"}],"wp:term":[{"taxonomy":"category","embeddable":true,"href":"https:\/\/radiocresatelital.com\/index.php?rest_route=%2Fwp%2Fv2%2Fcategories&post=14479"},{"taxonomy":"post_tag","embeddable":true,"href":"https:\/\/radiocresatelital.com\/index.php?rest_route=%2Fwp%2Fv2%2Ftags&post=14479"}],"curies":[{"name":"wp","href":"https:\/\/api.w.org\/{rel}","templated":true}]}}