{"id":14471,"date":"2024-05-28T23:35:04","date_gmt":"2024-05-28T23:35:04","guid":{"rendered":"https:\/\/radiocresatelital.com\/?p=14471"},"modified":"2024-05-28T23:35:04","modified_gmt":"2024-05-28T23:35:04","slug":"mies-y-el-instituto-tecnologico-universitario-ruminahui-firman-convenio-para-impulsar-proyectos-en-beneficio-de-la-poblacion-vulnerable","status":"publish","type":"post","link":"https:\/\/radiocresatelital.com\/?p=14471","title":{"rendered":"MIES y el Instituto Tecnol\u00f3gico Universitario Rumi\u00f1ahui firman convenio para impulsar proyectos en beneficio de la poblaci\u00f3n vulnerable"},"content":{"rendered":"<p>Quito.- El Ministerio de Inclusi\u00f3n Econ\u00f3mica y Social (MIES) y el Instituto Tecnol\u00f3gico Universitario Rumi\u00f1ahui firmaron un convenio marco de cooperaci\u00f3n interinstitucional, a fin de impulsar proyectos conjuntos que fortalezcan los servicios de inclusi\u00f3n econ\u00f3mica y social, a trav\u00e9s de un proceso de vinculaci\u00f3n con la sociedad y dirigido especialmente a la poblaci\u00f3n m\u00e1s vulnerable, beneficiaria de los programas que brinda esta cartera de Estado.<\/p>\n<p>La firma de este acuerdo, que tendr\u00e1 una duraci\u00f3n de cinco a\u00f1os, la realizaron la ministra de Inclusi\u00f3n Econ\u00f3mica y Social, Zaida Rovira Jurado, con el rector del Instituto Tecnol\u00f3gico Universitario Rumi\u00f1ahui, \u00c1ngel Huerta, durante la inauguraci\u00f3n del primer taller de \u201cPanader\u00eda\u201d, que se llevar\u00e1 a cabo en el Espacio Integral Familiar \u201cLa Ferroviaria\u201d, como parte de este apoyo interinstitucional.<\/p>\n<p>El taller, que inici\u00f3 hoy y estar\u00e1 a cargo de docentes y estudiantes de la carrera de Gastronom\u00eda del Instituto Rumi\u00f1ahui, tendr\u00e1 una duraci\u00f3n de 60 horas y se efectuar\u00e1 los martes de 09:00 a 13:00, con una duraci\u00f3n de tres meses.<\/p>\n<p>En esta primera capacitaci\u00f3n sobre \u201cPanader\u00eda\u201d participar\u00e1n 20 personas, en su mayor\u00eda usuarias de los servicios, bonos y pensiones del MIES, as\u00ed como moradores del barrio La Ferroviaria, quienes conocer\u00e1n sobre higiene y seguridad en la cocina, contabilidad b\u00e1sica de costos, adem\u00e1s de la elaboraci\u00f3n de productos de panader\u00eda, todos estos conocimientos esenciales para la generaci\u00f3n de un emprendimiento en esta rama.<\/p>\n<p>En su intervenci\u00f3n, la ministra Rovira destac\u00f3 el aporte que hace la academia y que permite llevar adelante estos proyectos sociales que van en beneficio de los sectores m\u00e1s vulnerables. \u201cLa inauguraci\u00f3n de este taller es la culminaci\u00f3n de un gran esfuerzo que hicimos junto a varios actores sociales para recuperar este espacio que estuvo abandonado y ponerlo al servicio de la ciudadan\u00eda, principalmente de la comunidad de La Ferroviaria y de los barrios del sur de Quito\u201d, agreg\u00f3.<\/p>\n<p>Por su parte, el rector Huerta resalt\u00f3 la articulaci\u00f3n que se lleva adelante con el MIES y dijo que para su instituci\u00f3n es muy valioso aportar con estas iniciativas de gobierno: \u201cporque quien abre las puertas a la educaci\u00f3n y a la formaci\u00f3n cierra las puertas a la delincuencia\u201d.<\/p>\n<p>Para Silvia Quezada, moradores de La Ferroviaria y participante del taller, esta es una gran oportunidad para adquirir nuevos conocimientos, que los piensa poner en pr\u00e1ctica con su propio emprendimiento de elaboraci\u00f3n de pan. \u201cGracias por el apoyo que estamos recibiendo y por abrir estos espacios en beneficio de las familias de La Ferroviaria\u201d, dijo.<\/p>\n<p>Durante mayo de este a\u00f1o, el MIES ha suscrito tres convenios con tres instituciones de educaci\u00f3n superior, para desarrollar talleres pr\u00e1cticos de Belleza, Costura y Panader\u00eda, en el Espacio Integral Familiar La Ferroviaria. Se tiene previsto que alrededor de 120 personas sean parte de este proceso de capacitaci\u00f3n, durante 2024.<\/p>\n","protected":false},"excerpt":{"rendered":"<p>Quito.- El Ministerio de Inclusi\u00f3n Econ\u00f3mica y Social (MIES) y el Instituto Tecnol\u00f3gico Universitario Rumi\u00f1ahui firmaron un convenio marco de cooperaci\u00f3n interinstitucional, a fin de impulsar proyectos conjuntos que fortalezcan los servicios de inclusi\u00f3n econ\u00f3mica y social, a trav\u00e9s de un proceso de vinculaci\u00f3n con la sociedad y dirigido especialmente a la poblaci\u00f3n m\u00e1s vulnerable, [&hellip;]<\/p>\n","protected":false},"author":2,"featured_media":14472,"comment_status":"open","ping_status":"closed","sticky":false,"template":"","format":"standard","meta":{"_jetpack_memberships_contains_paid_content":false,"footnotes":""},"categories":[1],"tags":[2406,237],"class_list":["post-14471","post","type-post","status-publish","format-standard","has-post-thumbnail","hentry","category-publicidad","tag-instituto-tecnologico-universitario-ruminahui","tag-ministerio-de-inclusion-economica-y-social"],"jetpack_featured_media_url":"https:\/\/radiocresatelital.com\/wp-content\/uploads\/2024\/05\/24.jpg","jetpack_sharing_enabled":true,"_links":{"self":[{"href":"https:\/\/radiocresatelital.com\/index.php?rest_route=\/wp\/v2\/posts\/14471","targetHints":{"allow":["GET"]}}],"collection":[{"href":"https:\/\/radiocresatelital.com\/index.php?rest_route=\/wp\/v2\/posts"}],"about":[{"href":"https:\/\/radiocresatelital.com\/index.php?rest_route=\/wp\/v2\/types\/post"}],"author":[{"embeddable":true,"href":"https:\/\/radiocresatelital.com\/index.php?rest_route=\/wp\/v2\/users\/2"}],"replies":[{"embeddable":true,"href":"https:\/\/radiocresatelital.com\/index.php?rest_route=%2Fwp%2Fv2%2Fcomments&post=14471"}],"version-history":[{"count":1,"href":"https:\/\/radiocresatelital.com\/index.php?rest_route=\/wp\/v2\/posts\/14471\/revisions"}],"predecessor-version":[{"id":14473,"href":"https:\/\/radiocresatelital.com\/index.php?rest_route=\/wp\/v2\/posts\/14471\/revisions\/14473"}],"wp:featuredmedia":[{"embeddable":true,"href":"https:\/\/radiocresatelital.com\/index.php?rest_route=\/wp\/v2\/media\/14472"}],"wp:attachment":[{"href":"https:\/\/radiocresatelital.com\/index.php?rest_route=%2Fwp%2Fv2%2Fmedia&parent=14471"}],"wp:term":[{"taxonomy":"category","embeddable":true,"href":"https:\/\/radiocresatelital.com\/index.php?rest_route=%2Fwp%2Fv2%2Fcategories&post=14471"},{"taxonomy":"post_tag","embeddable":true,"href":"https:\/\/radiocresatelital.com\/index.php?rest_route=%2Fwp%2Fv2%2Ftags&post=14471"}],"curies":[{"name":"wp","href":"https:\/\/api.w.org\/{rel}","templated":true}]}}