{"id":14445,"date":"2024-05-28T22:19:17","date_gmt":"2024-05-28T22:19:17","guid":{"rendered":"https:\/\/radiocresatelital.com\/?p=14445"},"modified":"2024-05-28T22:19:17","modified_gmt":"2024-05-28T22:19:17","slug":"la-reconstruccion-del-tejido-social-es-fundamental-para-impulsar-la-ciudad-de-todos","status":"publish","type":"post","link":"https:\/\/radiocresatelital.com\/?p=14445","title":{"rendered":"La reconstrucci\u00f3n del tejido social es fundamental para impulsar la ciudad de todos"},"content":{"rendered":"<p>Guayaquil.- \u00abJuntos estamos construyendo el Guayaquil del progreso, la paz y el desarrollo\u00bb. Este fue el mensaje central del concejal Ra\u00fal Ch\u00e1vez N\u00fa\u00f1ez del Arco al presentar su informe de gesti\u00f3n, detallando las acciones ejecutadas en siete \u00e1reas clave: social-cultural-inclusi\u00f3n, econ\u00f3mico-productivo, asentamientos humanos, movilidad y conectividad, gesti\u00f3n del territorio, protecci\u00f3n al medio ambiente y participaci\u00f3n y fiscalizaci\u00f3n.<\/p>\n<p>Ch\u00e1vez resalt\u00f3 varias iniciativas, como la ordenanza de apoyo econ\u00f3mico para la inclusi\u00f3n de personas con discapacidad, la creaci\u00f3n de una red de atenci\u00f3n integral para v\u00edctimas de violencia de g\u00e9nero, la feria \u00abGuayaquil, ciudad de derechos\u00bb y el convenio de cooperaci\u00f3n entre el Municipio y la Junta de Beneficencia de Guayaquil, que beneficia a m\u00e1s de 13 mil ni\u00f1os, ni\u00f1as y adolescentes.<\/p>\n<p>\u00abNos hemos comprometido con la sociedad civil en la formulaci\u00f3n, presentaci\u00f3n y ejecuci\u00f3n de pol\u00edticas p\u00fablicas a trav\u00e9s de mecanismos participativos como la presentaci\u00f3n de iniciativas populares y normativas\u00bb, destac\u00f3 el concejal, quien preside las comisiones de Planificaci\u00f3n y Presupuesto, Obras P\u00fablicas, Desarrollo Urbano y Deporte.<\/p>\n<p>El Concejal tambi\u00e9n destac\u00f3 la aprobaci\u00f3n de normativas para la titularizaci\u00f3n de asentamientos irregulares en nueve sectores (Las Am\u00e9ricas, Nueva Esperanza, Sara Patricia, La Calmosa, Nuevo Amanecer, 24 de Mayo, Puerto Rico, cerros Santa Ana y Del Carmen), as\u00ed como la ordenanza para reducir y eliminar multas de tr\u00e1nsito.<\/p>\n","protected":false},"excerpt":{"rendered":"<p>Guayaquil.- \u00abJuntos estamos construyendo el Guayaquil del progreso, la paz y el desarrollo\u00bb. Este fue el mensaje central del concejal Ra\u00fal Ch\u00e1vez N\u00fa\u00f1ez del Arco al presentar su informe de gesti\u00f3n, detallando las acciones ejecutadas en siete \u00e1reas clave: social-cultural-inclusi\u00f3n, econ\u00f3mico-productivo, asentamientos humanos, movilidad y conectividad, gesti\u00f3n del territorio, protecci\u00f3n al medio ambiente y participaci\u00f3n [&hellip;]<\/p>\n","protected":false},"author":2,"featured_media":14446,"comment_status":"open","ping_status":"closed","sticky":false,"template":"","format":"standard","meta":{"_jetpack_memberships_contains_paid_content":false,"footnotes":""},"categories":[33,13],"tags":[2401,2400],"class_list":["post-14445","post","type-post","status-publish","format-standard","has-post-thumbnail","hentry","category-guayaquil","category-noticias-nacionales","tag-concejal-de-guayaquil","tag-raul-chavez-nunez"],"jetpack_featured_media_url":"https:\/\/radiocresatelital.com\/wp-content\/uploads\/2024\/05\/6f6e2892-a7f4-4881-8d0b-d607ccf4152f.jpeg","jetpack_sharing_enabled":true,"_links":{"self":[{"href":"https:\/\/radiocresatelital.com\/index.php?rest_route=\/wp\/v2\/posts\/14445","targetHints":{"allow":["GET"]}}],"collection":[{"href":"https:\/\/radiocresatelital.com\/index.php?rest_route=\/wp\/v2\/posts"}],"about":[{"href":"https:\/\/radiocresatelital.com\/index.php?rest_route=\/wp\/v2\/types\/post"}],"author":[{"embeddable":true,"href":"https:\/\/radiocresatelital.com\/index.php?rest_route=\/wp\/v2\/users\/2"}],"replies":[{"embeddable":true,"href":"https:\/\/radiocresatelital.com\/index.php?rest_route=%2Fwp%2Fv2%2Fcomments&post=14445"}],"version-history":[{"count":1,"href":"https:\/\/radiocresatelital.com\/index.php?rest_route=\/wp\/v2\/posts\/14445\/revisions"}],"predecessor-version":[{"id":14447,"href":"https:\/\/radiocresatelital.com\/index.php?rest_route=\/wp\/v2\/posts\/14445\/revisions\/14447"}],"wp:featuredmedia":[{"embeddable":true,"href":"https:\/\/radiocresatelital.com\/index.php?rest_route=\/wp\/v2\/media\/14446"}],"wp:attachment":[{"href":"https:\/\/radiocresatelital.com\/index.php?rest_route=%2Fwp%2Fv2%2Fmedia&parent=14445"}],"wp:term":[{"taxonomy":"category","embeddable":true,"href":"https:\/\/radiocresatelital.com\/index.php?rest_route=%2Fwp%2Fv2%2Fcategories&post=14445"},{"taxonomy":"post_tag","embeddable":true,"href":"https:\/\/radiocresatelital.com\/index.php?rest_route=%2Fwp%2Fv2%2Ftags&post=14445"}],"curies":[{"name":"wp","href":"https:\/\/api.w.org\/{rel}","templated":true}]}}