{"id":14436,"date":"2024-05-28T16:15:40","date_gmt":"2024-05-28T16:15:40","guid":{"rendered":"https:\/\/radiocresatelital.com\/?p=14436"},"modified":"2024-05-28T16:15:40","modified_gmt":"2024-05-28T16:15:40","slug":"hay-mucha-mariconeria-en-los-seminarios-papa-francisco","status":"publish","type":"post","link":"https:\/\/radiocresatelital.com\/?p=14436","title":{"rendered":"Hay mucha \u00abmariconer\u00eda\u00bb en los seminarios, Papa Francisco"},"content":{"rendered":"<p>El Vaticano.- El papa Francisco ha despertado pol\u00e9mica por sus \u00faltimas declaraciones\u00a0 ya que ha solicitado a los obispos que no admitan a personas homosexuales en los seminarios, afirmando que ya \u201chay demasiada mariconer\u00eda\u201d en ciertos centros de formaci\u00f3n.<\/p>\n<p>El pont\u00edfice, dijo estar preocupado y en un lenguaje que algunos consideran m\u00e1s que coloquiales, tal vez, rayando en ofensivos, utiliz\u00f3 el termino \u00abfrociaggine\u00bb, que se entiende en italiano como \u00abmariconer\u00eda\u00bb. Seg\u00fan el diario Corriere della Sera, la expresi\u00f3n fue recibida entre \u00abrisas de incredulidad\u00bb por parte de sus hom\u00f3logos.<\/p>\n<p>Sin embargo, esta petici\u00f3n del papa se alinea con la instrucci\u00f3n vaticana de 2005, que fue confirmada por \u00e9l mismo en 2016, prohibiendo la admisi\u00f3n de personas con tendencias homosexuales profundamente arraigadas o que promuevan la llamada \u201ccultura gay\u201d en los seminarios y \u00f3rdenes sagradas.<\/p>\n","protected":false},"excerpt":{"rendered":"<p>El Vaticano.- El papa Francisco ha despertado pol\u00e9mica por sus \u00faltimas declaraciones\u00a0 ya que ha solicitado a los obispos que no admitan a personas homosexuales en los seminarios, afirmando que ya \u201chay demasiada mariconer\u00eda\u201d en ciertos centros de formaci\u00f3n. El pont\u00edfice, dijo estar preocupado y en un lenguaje que algunos consideran m\u00e1s que coloquiales, tal [&hellip;]<\/p>\n","protected":false},"author":3,"featured_media":14437,"comment_status":"open","ping_status":"closed","sticky":false,"template":"","format":"standard","meta":{"_jetpack_memberships_contains_paid_content":false,"footnotes":""},"categories":[2163,13],"tags":[2399],"class_list":["post-14436","post","type-post","status-publish","format-standard","has-post-thumbnail","hentry","category-noticias","category-noticias-nacionales","tag-papafrancisco"],"jetpack_featured_media_url":"https:\/\/radiocresatelital.com\/wp-content\/uploads\/2024\/05\/1200x675_cmsv2_ff28d2fb-8ca9-5b91-903a-7a996b4cbe3e-8463586.webp","jetpack_sharing_enabled":true,"_links":{"self":[{"href":"https:\/\/radiocresatelital.com\/index.php?rest_route=\/wp\/v2\/posts\/14436","targetHints":{"allow":["GET"]}}],"collection":[{"href":"https:\/\/radiocresatelital.com\/index.php?rest_route=\/wp\/v2\/posts"}],"about":[{"href":"https:\/\/radiocresatelital.com\/index.php?rest_route=\/wp\/v2\/types\/post"}],"author":[{"embeddable":true,"href":"https:\/\/radiocresatelital.com\/index.php?rest_route=\/wp\/v2\/users\/3"}],"replies":[{"embeddable":true,"href":"https:\/\/radiocresatelital.com\/index.php?rest_route=%2Fwp%2Fv2%2Fcomments&post=14436"}],"version-history":[{"count":1,"href":"https:\/\/radiocresatelital.com\/index.php?rest_route=\/wp\/v2\/posts\/14436\/revisions"}],"predecessor-version":[{"id":14438,"href":"https:\/\/radiocresatelital.com\/index.php?rest_route=\/wp\/v2\/posts\/14436\/revisions\/14438"}],"wp:featuredmedia":[{"embeddable":true,"href":"https:\/\/radiocresatelital.com\/index.php?rest_route=\/wp\/v2\/media\/14437"}],"wp:attachment":[{"href":"https:\/\/radiocresatelital.com\/index.php?rest_route=%2Fwp%2Fv2%2Fmedia&parent=14436"}],"wp:term":[{"taxonomy":"category","embeddable":true,"href":"https:\/\/radiocresatelital.com\/index.php?rest_route=%2Fwp%2Fv2%2Fcategories&post=14436"},{"taxonomy":"post_tag","embeddable":true,"href":"https:\/\/radiocresatelital.com\/index.php?rest_route=%2Fwp%2Fv2%2Ftags&post=14436"}],"curies":[{"name":"wp","href":"https:\/\/api.w.org\/{rel}","templated":true}]}}