{"id":1442,"date":"2023-07-22T17:12:47","date_gmt":"2023-07-22T17:12:47","guid":{"rendered":"https:\/\/radiocresatelital.com\/?p=1442"},"modified":"2023-07-22T17:16:04","modified_gmt":"2023-07-22T17:16:04","slug":"1-000-hectareas-cultivadas-con-semillas-del-programa-sembrando-vidas","status":"publish","type":"post","link":"https:\/\/radiocresatelital.com\/?p=1442","title":{"rendered":"1.000 hect\u00e1reas cultivadas con semillas del Programa \u201cSembrando Vidas\u201d"},"content":{"rendered":"<p><span style=\"font-weight: 400;\">Guayaquil.- M\u00e1s de mil hect\u00e1reas ya han sido sembradas con las semillas certificadas de arroz y ma\u00edz durante los dos meses de gesti\u00f3n de la prefecta Marcela Agui\u00f1aga. El prop\u00f3sito del programa es fortalecer la producci\u00f3n de los peque\u00f1os agricultores que forman parte de las asociaciones rurales.<\/span><\/p>\n<p><span style=\"font-weight: 400;\">Nobol, Balzar, El Empalme y ahora Samborond\u00f3n son los cantones que han recibido esta ayuda. Este viernes 21 de julio, el viceprefecto Carlos Serrano particip\u00f3 en una nueva entrega que benefici\u00f3 a 181 agricultores de la Asociaci\u00f3n de Productores Agropecuarios Santa Ana, Herradura de Oro, La Condencia, Ana Luisa, Espiga Dorada, recinto Quevedo en la lucha, El Guano, 6 de Septiembre, La Palma y el Centro Agr\u00edcola de Samborond\u00f3n.<\/span><\/p>\n<p><span style=\"font-weight: 400;\">\u201cNo los vamos a dejar solos\u201d, les asegur\u00f3 el viceprefecto Carlos Serrano, durante el acto que emocion\u00f3 a los agricultores. Fernando Le\u00f3n, presidente de la Asociaci\u00f3n de Productores La uni\u00f3n Hace la Fuerza, destac\u00f3 que la Prefectura Ciudadana del Guayas les otorga ayudas que ellos no hab\u00edan recibido durante a\u00f1os. Incluso, ahora esperan obtener una cosecha que les permita recuperar parcialmente la falta de producci\u00f3n durante el pr\u00f3ximo invierno.<\/span><\/p>\n<p><span style=\"font-weight: 400;\">Estas acciones se enmarcan en el trabajo de prevenci\u00f3n del Fen\u00f3meno El Ni\u00f1o que ejecuta la Prefectura Ciudadana del Guayas, que adem\u00e1s, ha anunciado un subsidio de 450 d\u00f3lares para cada peque\u00f1o agricultor que sufra p\u00e9rdida total de su producci\u00f3n.<\/span><\/p>\n","protected":false},"excerpt":{"rendered":"<p>Guayaquil.- M\u00e1s de mil hect\u00e1reas ya han sido sembradas con las semillas certificadas de arroz y ma\u00edz durante los dos meses de gesti\u00f3n de la prefecta Marcela Agui\u00f1aga. El prop\u00f3sito del programa es fortalecer la producci\u00f3n de los peque\u00f1os agricultores que forman parte de las asociaciones rurales. Nobol, Balzar, El Empalme y ahora Samborond\u00f3n son [&hellip;]<\/p>\n","protected":false},"author":2,"featured_media":1443,"comment_status":"open","ping_status":"closed","sticky":false,"template":"","format":"standard","meta":{"_jetpack_memberships_contains_paid_content":false,"footnotes":""},"categories":[13],"tags":[219],"class_list":["post-1442","post","type-post","status-publish","format-standard","has-post-thumbnail","hentry","category-noticias-nacionales","tag-prefectura-ciudadana-guayas"],"jetpack_featured_media_url":"https:\/\/radiocresatelital.com\/wp-content\/uploads\/2023\/07\/AMF_6766-scaled.jpg","jetpack_sharing_enabled":true,"_links":{"self":[{"href":"https:\/\/radiocresatelital.com\/index.php?rest_route=\/wp\/v2\/posts\/1442","targetHints":{"allow":["GET"]}}],"collection":[{"href":"https:\/\/radiocresatelital.com\/index.php?rest_route=\/wp\/v2\/posts"}],"about":[{"href":"https:\/\/radiocresatelital.com\/index.php?rest_route=\/wp\/v2\/types\/post"}],"author":[{"embeddable":true,"href":"https:\/\/radiocresatelital.com\/index.php?rest_route=\/wp\/v2\/users\/2"}],"replies":[{"embeddable":true,"href":"https:\/\/radiocresatelital.com\/index.php?rest_route=%2Fwp%2Fv2%2Fcomments&post=1442"}],"version-history":[{"count":1,"href":"https:\/\/radiocresatelital.com\/index.php?rest_route=\/wp\/v2\/posts\/1442\/revisions"}],"predecessor-version":[{"id":1444,"href":"https:\/\/radiocresatelital.com\/index.php?rest_route=\/wp\/v2\/posts\/1442\/revisions\/1444"}],"wp:featuredmedia":[{"embeddable":true,"href":"https:\/\/radiocresatelital.com\/index.php?rest_route=\/wp\/v2\/media\/1443"}],"wp:attachment":[{"href":"https:\/\/radiocresatelital.com\/index.php?rest_route=%2Fwp%2Fv2%2Fmedia&parent=1442"}],"wp:term":[{"taxonomy":"category","embeddable":true,"href":"https:\/\/radiocresatelital.com\/index.php?rest_route=%2Fwp%2Fv2%2Fcategories&post=1442"},{"taxonomy":"post_tag","embeddable":true,"href":"https:\/\/radiocresatelital.com\/index.php?rest_route=%2Fwp%2Fv2%2Ftags&post=1442"}],"curies":[{"name":"wp","href":"https:\/\/api.w.org\/{rel}","templated":true}]}}