{"id":14414,"date":"2024-05-27T16:51:01","date_gmt":"2024-05-27T16:51:01","guid":{"rendered":"https:\/\/radiocresatelital.com\/?p=14414"},"modified":"2024-05-27T16:51:01","modified_gmt":"2024-05-27T16:51:01","slug":"iza-le-dice-no-a-luisa-gonzalez","status":"publish","type":"post","link":"https:\/\/radiocresatelital.com\/?p=14414","title":{"rendered":"Iza le dice NO a Luisa Gonz\u00e1lez"},"content":{"rendered":"<p>Quito.- Leonidas Iza rechaz\u00f3 la propuesta de Luisa Gonz\u00e1lez, quien lo invit\u00f3 a unirse a la Revoluci\u00f3n Ciudadana en nombre de la izquierda ecuatoriana para sumar fuerzas en la pr\u00f3xima elecci\u00f3n presidencial.<\/p>\n<p>El dirigente ind\u00edgena, dice no a un posible \u00abpacto\u00bb porque considera que el pensamiento de Rafael Correa no corresponde a una verdadera \u00abizquierda\u00bb.<\/p>\n<p><span class=\"css-1jxf684 r-bcqeeo r-1ttztb7 r-qvutc0 r-poiln3\">\u201cSaludo la vocer\u00eda de Luisa Gonz\u00e1lez <\/span><span class=\"r-18u37iz\"><a class=\"css-1jxf684 r-bcqeeo r-1ttztb7 r-qvutc0 r-poiln3 r-1loqt21\" dir=\"ltr\" role=\"link\" href=\"https:\/\/x.com\/LuisaGonzalezEc\">,<\/a><\/span><span class=\"css-1jxf684 r-bcqeeo r-1ttztb7 r-qvutc0 r-poiln3\"> creo que ha hecho eco al llamado a la unidad de izquierdas del pa\u00eds. Pero, asimismo, debo rechazar, mientras la presidenta de un movimiento llama, necesita un di\u00e1logo, al d\u00eda siguiente cae dinamitar el expresidente Mashi Rafael<\/span><span class=\"css-1jxf684 r-bcqeeo r-1ttztb7 r-qvutc0 r-poiln3\">, \u00bfc\u00f3mo se entiende aquello?\u201d cuestiona Iza.\u00a0<\/span><\/p>\n<p>Adicional a ello, Iza recurre a la historia vivida entre el corre\u00edsmo y el movimiento ind\u00edgena, la cual recoge varios cap\u00edtulos lesivos para la CONAIE<\/p>\n","protected":false},"excerpt":{"rendered":"<p>Quito.- Leonidas Iza rechaz\u00f3 la propuesta de Luisa Gonz\u00e1lez, quien lo invit\u00f3 a unirse a la Revoluci\u00f3n Ciudadana en nombre de la izquierda ecuatoriana para sumar fuerzas en la pr\u00f3xima elecci\u00f3n presidencial. El dirigente ind\u00edgena, dice no a un posible \u00abpacto\u00bb porque considera que el pensamiento de Rafael Correa no corresponde a una verdadera \u00abizquierda\u00bb. [&hellip;]<\/p>\n","protected":false},"author":3,"featured_media":14415,"comment_status":"open","ping_status":"closed","sticky":false,"template":"","format":"standard","meta":{"_jetpack_memberships_contains_paid_content":false,"footnotes":""},"categories":[13],"tags":[2393],"class_list":["post-14414","post","type-post","status-publish","format-standard","has-post-thumbnail","hentry","category-noticias-nacionales","tag-conaie"],"jetpack_featured_media_url":"https:\/\/radiocresatelital.com\/wp-content\/uploads\/2024\/05\/Leonidas-iza.jpg","jetpack_sharing_enabled":true,"_links":{"self":[{"href":"https:\/\/radiocresatelital.com\/index.php?rest_route=\/wp\/v2\/posts\/14414","targetHints":{"allow":["GET"]}}],"collection":[{"href":"https:\/\/radiocresatelital.com\/index.php?rest_route=\/wp\/v2\/posts"}],"about":[{"href":"https:\/\/radiocresatelital.com\/index.php?rest_route=\/wp\/v2\/types\/post"}],"author":[{"embeddable":true,"href":"https:\/\/radiocresatelital.com\/index.php?rest_route=\/wp\/v2\/users\/3"}],"replies":[{"embeddable":true,"href":"https:\/\/radiocresatelital.com\/index.php?rest_route=%2Fwp%2Fv2%2Fcomments&post=14414"}],"version-history":[{"count":1,"href":"https:\/\/radiocresatelital.com\/index.php?rest_route=\/wp\/v2\/posts\/14414\/revisions"}],"predecessor-version":[{"id":14416,"href":"https:\/\/radiocresatelital.com\/index.php?rest_route=\/wp\/v2\/posts\/14414\/revisions\/14416"}],"wp:featuredmedia":[{"embeddable":true,"href":"https:\/\/radiocresatelital.com\/index.php?rest_route=\/wp\/v2\/media\/14415"}],"wp:attachment":[{"href":"https:\/\/radiocresatelital.com\/index.php?rest_route=%2Fwp%2Fv2%2Fmedia&parent=14414"}],"wp:term":[{"taxonomy":"category","embeddable":true,"href":"https:\/\/radiocresatelital.com\/index.php?rest_route=%2Fwp%2Fv2%2Fcategories&post=14414"},{"taxonomy":"post_tag","embeddable":true,"href":"https:\/\/radiocresatelital.com\/index.php?rest_route=%2Fwp%2Fv2%2Ftags&post=14414"}],"curies":[{"name":"wp","href":"https:\/\/api.w.org\/{rel}","templated":true}]}}