{"id":1434,"date":"2023-07-21T23:04:10","date_gmt":"2023-07-21T23:04:10","guid":{"rendered":"https:\/\/radiocresatelital.com\/?p=1434"},"modified":"2023-07-21T23:05:46","modified_gmt":"2023-07-21T23:05:46","slug":"1434","status":"publish","type":"post","link":"https:\/\/radiocresatelital.com\/?p=1434","title":{"rendered":"Ceremonia de Condecoraciones Guayaquil, \u00a1Se Disfruta en Familia!"},"content":{"rendered":"<p>Guayaquil.- En estos 488 a\u00f1os de Fundaci\u00f3n de Santiago de Guayaquil, la Gobernaci\u00f3n del Guayas realiz\u00f3 en el Teatro Centro C\u00edvico \u201cEloy Alfaro\u201d, la ceremonia de condecoraciones al m\u00e9rito Guayaquil, \u00a1se disfruta en familia! Jornada donde se resalt\u00f3 todo el trabajo, tenacidad, empe\u00f1o, y productividad de nobles e ilustres guayaquile\u00f1os.<\/p>\n<p><strong>Condecorados<br \/>\n<\/strong><br \/>\n\u25aa Actores: Miriam Murillo y Andr\u00e9s Garz\u00f3n &#8211; Estrella Porte\u00f1a<\/p>\n<p>\u25aa Estandartes: Polic\u00eda Nacional, Fuerzas Armadas Guayas, Comisi\u00f3n de Tr\u00e1nsito del Ecuador y \u201cTobby\u201d, Can jubilado del Grupo de Intervenci\u00f3n y Rescate (GIR) &#8211; H\u00e9roes del Guayas.<\/p>\n<p>\u25aa Educadoras: Nivia Pazmi\u00f1o y Olga Varas y la campeona mundial Kiara Rodr\u00edguez &#8211; Perla del Pac\u00edfico.<\/p>\n<p>\u25aa Deportista paral\u00edmpica: Rubby Andrade &#8211; P\u00f3rtico de Oro<\/p>\n<p>\u25aa Corporaci\u00f3n El Rosado y Carlos Gruezo de Malvinas Boxing &#8211; Guayaquil de Mis Amores.<\/p>\n<p>\u201cSeguimos firmes trabajando por la seguridad de todo Guayas y en especial de Guayaquil, ciudad que acoge a todas las provincias y les permite crecer, progresar y desarrollarse, hoy estamos m\u00e1s unidos que nunca.\u201d, recalc\u00f3 Francesco Tabacchi,<br \/>\nGobernador del Guayas.<\/p>\n<p>Una gala llena de talento, m\u00fasica y folclor, tras la participaci\u00f3n del elenco art\u00edstico \u201cCosta Brava\u201d, quienes deslumbraron a la audiencia con su ritmo y colores en conmemoraci\u00f3n a las festividades julianas de la Perla del Pac\u00edfico.<\/p>\n<p>\u201cSe vienen meses muy dif\u00edcil, nuevos desaf\u00edos que debemos afrontar, unidos, juntos con un solo objetivo velar por el bienestar de los ciudadanos un abrazo fuerte a los Guayaquile\u00f1os y a todos los ecuatorianos que se desarrollan en ella.\u201d, enfatiz\u00f3 el vicepresidente de la Rep\u00fablica, Dr. Alfredo Borrero.<\/p>\n","protected":false},"excerpt":{"rendered":"<p>Guayaquil.- En estos 488 a\u00f1os de Fundaci\u00f3n de Santiago de Guayaquil, la Gobernaci\u00f3n del Guayas realiz\u00f3 en el Teatro Centro C\u00edvico \u201cEloy Alfaro\u201d, la ceremonia de condecoraciones al m\u00e9rito Guayaquil, \u00a1se disfruta en familia! Jornada donde se resalt\u00f3 todo el trabajo, tenacidad, empe\u00f1o, y productividad de nobles e ilustres guayaquile\u00f1os. Condecorados \u25aa Actores: Miriam Murillo [&hellip;]<\/p>\n","protected":false},"author":2,"featured_media":1435,"comment_status":"open","ping_status":"closed","sticky":false,"template":"","format":"standard","meta":{"_jetpack_memberships_contains_paid_content":false,"footnotes":""},"categories":[13],"tags":[23],"class_list":["post-1434","post","type-post","status-publish","format-standard","has-post-thumbnail","hentry","category-noticias-nacionales","tag-gobernacion-guayas"],"jetpack_featured_media_url":"https:\/\/radiocresatelital.com\/wp-content\/uploads\/2023\/07\/5f940640-1fa0-4f09-a2ed-964fd51b3ef0.jpg","jetpack_sharing_enabled":true,"_links":{"self":[{"href":"https:\/\/radiocresatelital.com\/index.php?rest_route=\/wp\/v2\/posts\/1434","targetHints":{"allow":["GET"]}}],"collection":[{"href":"https:\/\/radiocresatelital.com\/index.php?rest_route=\/wp\/v2\/posts"}],"about":[{"href":"https:\/\/radiocresatelital.com\/index.php?rest_route=\/wp\/v2\/types\/post"}],"author":[{"embeddable":true,"href":"https:\/\/radiocresatelital.com\/index.php?rest_route=\/wp\/v2\/users\/2"}],"replies":[{"embeddable":true,"href":"https:\/\/radiocresatelital.com\/index.php?rest_route=%2Fwp%2Fv2%2Fcomments&post=1434"}],"version-history":[{"count":3,"href":"https:\/\/radiocresatelital.com\/index.php?rest_route=\/wp\/v2\/posts\/1434\/revisions"}],"predecessor-version":[{"id":1438,"href":"https:\/\/radiocresatelital.com\/index.php?rest_route=\/wp\/v2\/posts\/1434\/revisions\/1438"}],"wp:featuredmedia":[{"embeddable":true,"href":"https:\/\/radiocresatelital.com\/index.php?rest_route=\/wp\/v2\/media\/1435"}],"wp:attachment":[{"href":"https:\/\/radiocresatelital.com\/index.php?rest_route=%2Fwp%2Fv2%2Fmedia&parent=1434"}],"wp:term":[{"taxonomy":"category","embeddable":true,"href":"https:\/\/radiocresatelital.com\/index.php?rest_route=%2Fwp%2Fv2%2Fcategories&post=1434"},{"taxonomy":"post_tag","embeddable":true,"href":"https:\/\/radiocresatelital.com\/index.php?rest_route=%2Fwp%2Fv2%2Ftags&post=1434"}],"curies":[{"name":"wp","href":"https:\/\/api.w.org\/{rel}","templated":true}]}}