{"id":1431,"date":"2023-07-21T22:55:59","date_gmt":"2023-07-21T22:55:59","guid":{"rendered":"https:\/\/radiocresatelital.com\/?p=1431"},"modified":"2023-07-21T22:55:59","modified_gmt":"2023-07-21T22:55:59","slug":"msp-fortalece-la-salud-mental-comunitaria-e-implementa-estrategias-para-prevencion-del-suicidio","status":"publish","type":"post","link":"https:\/\/radiocresatelital.com\/?p=1431","title":{"rendered":"MSP fortalece la Salud Mental Comunitaria e implementa estrategias para prevenci\u00f3n del suicidio"},"content":{"rendered":"<p>Quito.- En el mundo, una de cada 100 muertes es consecuencia del suicidio y cada a\u00f1o se suicidan cerca de 700 mil personas, constituy\u00e9ndose esta como la cuarta causa de muerte entre los j\u00f3venes de 15 a 19 a\u00f1os. En la regi\u00f3n, alrededor del 79% de suicidios ocurren en hombres, si se considera que la tasa de suicidio ajustada por edad entre los varones es tres veces superior a la de las mujeres. En Ecuador, m\u00e1s de 1000 personas mueren al a\u00f1o por heridas autoinflingidas y se calcula que por cada suicidio registrado hay cerca de 20 intentos.<\/p>\n<p>En 2016 el n\u00famero de defunciones por suicidios en el Ecuador ascendi\u00f3 a 1.233 casos, mientras que, a partir del a\u00f1o 2020 la tendencia de casos presenta una tendencia a la disminuci\u00f3n. En 2020 se registran 1.089 casos y en 2021 un total de 880, seg\u00fan datos disponibles del Instituto Nacional de Estad\u00edstica y Censos (INEC). Pichincha es la provincia que reporta la mayor cantidad de defunciones por este motivo, seguida de Azuay y Guayas.<\/p>\n<p>La disminuci\u00f3n progresiva de casos de suicidio en el pa\u00eds se asocia a varios componentes, entre ellos, la implementaci\u00f3n de acciones y estrategias que ejecuta el Ministerio de Salud P\u00fablica (MSP). La actual gesti\u00f3n ha priorizado el acceso a atenci\u00f3n en salud mental y generar respuestas en prevenci\u00f3n.<\/p>\n<p>Esta cartera de Estado cuenta con el Manual de prevenci\u00f3n del suicidio para cuidadores comunitarios con el prop\u00f3sito de generar destrezas para una temprana intervenci\u00f3n en j\u00f3venes que est\u00e1n al borde del suicidio, adem\u00e1s de la conformaci\u00f3n de grupos de apoyo para personas afectadas por el suicidio, hasta el momento se han capacitado 4.220 personas aproximadamente.<\/p>\n<p>El manual es la primera herramienta digital con la que cuenta el MSP para facilitar el acceso a informaci\u00f3n en un formato amigable para la poblaci\u00f3n, contribuyendo a la intervenci\u00f3n temprana ante el riesgo suicida. La tasa de suicidios por cada 100 mil habitantes en 2020 es de 6,22 y en 2021 se redujo a 4,96 en el pa\u00eds.<\/p>\n<p>Otra de las acciones de prevenci\u00f3n es la l\u00ednea telef\u00f3nica 171, opci\u00f3n 6, para asesoramiento psicol\u00f3gico. Entre marzo de 2020 y diciembre 2022, el MSP atendi\u00f3 194.658 llamadas para brindar este servicio.<\/p>\n<p>Por otra parte, en 2021, el MSP desarroll\u00f3 los Lineamientos Operativos para la Atenci\u00f3n a Personas con Intenci\u00f3n y\/o Intentos suicidas. El documento est\u00e1 dirigido al personal de salud que presta servicios en el MSP quienes se han capacitado en intervenci\u00f3n en crisis, abordaje del suicidio, mitos sobre el suicidio, detecci\u00f3n de las conductas de riesgo, mecanismos de protecci\u00f3n, evaluaci\u00f3n de riesgo suicida, entre otros.<\/p>\n<p>Al mismo tiempo se trabaja en el Proyecto de Fortalecimiento de la Salud Mental 2023 \u2013 2025, el cual prev\u00e9 fortalecer la atenci\u00f3n en los 62 Servicios Ambulatorios Intensivos que se tienen en el pa\u00eds. Dicho proyecto se potenci\u00f3 en 2023 con la contrataci\u00f3n de 178 profesionales, psic\u00f3logos y psiquiatras.<\/p>\n<p>Entre 2021 y 2023 el MSP registra 3.024 atenciones oportunas ante un posible intento de suicidio a escala nacional.<\/p>\n<p>Finalmente, se encuentra en desarrollo la Pol\u00edtica Nacional de Salud Mental, documento normativo de alcance al Sistema Nacional de Salud (SNS) que contar\u00e1 con una l\u00ednea estrat\u00e9gica intersectorial de prevenci\u00f3n del suicidio. Se prev\u00e9 su conclusi\u00f3n para finales de este 2023.<\/p>\n<p>Es importante que si conocemos de alguien que tiene pensamientos suicidas ofrezcamos apoyo a la persona, le permitamos expresarse. Adem\u00e1s, es recomendable hablarle de c\u00f3mo antes super\u00f3 otros problemas y brindarle el acompa\u00f1amiento necesario. En caso de requerirse, es clave contactar a un familiar, buscar ayuda profesional para la persona y no dejarla sola.<\/p>\n<p>Esta cartera de Estado continuar\u00e1 ejecutando acciones para prevenir el suicidio, crear conciencia en la poblaci\u00f3n, reducir el estigma en torno al suicidio y disminuir los casos en todo el territorio.<\/p>\n","protected":false},"excerpt":{"rendered":"<p>Quito.- En el mundo, una de cada 100 muertes es consecuencia del suicidio y cada a\u00f1o se suicidan cerca de 700 mil personas, constituy\u00e9ndose esta como la cuarta causa de muerte entre los j\u00f3venes de 15 a 19 a\u00f1os. En la regi\u00f3n, alrededor del 79% de suicidios ocurren en hombres, si se considera que la [&hellip;]<\/p>\n","protected":false},"author":2,"featured_media":1432,"comment_status":"open","ping_status":"closed","sticky":false,"template":"","format":"standard","meta":{"_jetpack_memberships_contains_paid_content":false,"footnotes":""},"categories":[13],"tags":[292],"class_list":["post-1431","post","type-post","status-publish","format-standard","has-post-thumbnail","hentry","category-noticias-nacionales","tag-ministro-de-salud-publica"],"jetpack_featured_media_url":"https:\/\/radiocresatelital.com\/wp-content\/uploads\/2023\/07\/Imagen3-e1689974981840.jpg","jetpack_sharing_enabled":true,"_links":{"self":[{"href":"https:\/\/radiocresatelital.com\/index.php?rest_route=\/wp\/v2\/posts\/1431","targetHints":{"allow":["GET"]}}],"collection":[{"href":"https:\/\/radiocresatelital.com\/index.php?rest_route=\/wp\/v2\/posts"}],"about":[{"href":"https:\/\/radiocresatelital.com\/index.php?rest_route=\/wp\/v2\/types\/post"}],"author":[{"embeddable":true,"href":"https:\/\/radiocresatelital.com\/index.php?rest_route=\/wp\/v2\/users\/2"}],"replies":[{"embeddable":true,"href":"https:\/\/radiocresatelital.com\/index.php?rest_route=%2Fwp%2Fv2%2Fcomments&post=1431"}],"version-history":[{"count":1,"href":"https:\/\/radiocresatelital.com\/index.php?rest_route=\/wp\/v2\/posts\/1431\/revisions"}],"predecessor-version":[{"id":1433,"href":"https:\/\/radiocresatelital.com\/index.php?rest_route=\/wp\/v2\/posts\/1431\/revisions\/1433"}],"wp:featuredmedia":[{"embeddable":true,"href":"https:\/\/radiocresatelital.com\/index.php?rest_route=\/wp\/v2\/media\/1432"}],"wp:attachment":[{"href":"https:\/\/radiocresatelital.com\/index.php?rest_route=%2Fwp%2Fv2%2Fmedia&parent=1431"}],"wp:term":[{"taxonomy":"category","embeddable":true,"href":"https:\/\/radiocresatelital.com\/index.php?rest_route=%2Fwp%2Fv2%2Fcategories&post=1431"},{"taxonomy":"post_tag","embeddable":true,"href":"https:\/\/radiocresatelital.com\/index.php?rest_route=%2Fwp%2Fv2%2Ftags&post=1431"}],"curies":[{"name":"wp","href":"https:\/\/api.w.org\/{rel}","templated":true}]}}