{"id":14290,"date":"2024-05-22T15:20:05","date_gmt":"2024-05-22T15:20:05","guid":{"rendered":"https:\/\/radiocresatelital.com\/?p=14290"},"modified":"2024-05-22T15:20:05","modified_gmt":"2024-05-22T15:20:05","slug":"3-muertos-y-10-heridos-en-accidente-de-reina-del-camino-via-a-chone","status":"publish","type":"post","link":"https:\/\/radiocresatelital.com\/?p=14290","title":{"rendered":"3 muertos y 10 heridos en accidente de Reina del Camino v\u00eda a Chone"},"content":{"rendered":"<p>Chone.- Las v\u00edas del pa\u00eds nuevamente se ti\u00f1en de sangre. Esta madrugada,\u00a0 aproximadamente a las <span class=\"css-1jxf684 r-bcqeeo r-1ttztb7 r-qvutc0 r-poiln3\">3H00 de la ma\u00f1ana, en la v\u00eda a #Chone , un bus de la cooperativa Reina del Camino se accident\u00f3 y dej\u00f3 como consecuencia de este suceso 3 v\u00edctimas mortales y 10 heridos.<\/span><\/p>\n<p><span class=\"css-1jxf684 r-bcqeeo r-1ttztb7 r-qvutc0 r-poiln3\">El bus de placa MAA &#8211; 5729 se volc\u00f3 en el sector Flavio Alfaro <\/span><span class=\"r-18u37iz\"><a class=\"css-1jxf684 r-bcqeeo r-1ttztb7 r-qvutc0 r-poiln3 r-1loqt21\" dir=\"ltr\" role=\"link\" href=\"https:\/\/x.com\/hashtag\/Manab%C3%AD?src=hashtag_click\">#Manab\u00ed<\/a><\/span><span class=\"css-1jxf684 r-bcqeeo r-1ttztb7 r-qvutc0 r-poiln3\">\u00a0 mientras cubr\u00eda la ruta <\/span><span class=\"r-18u37iz\"><a class=\"css-1jxf684 r-bcqeeo r-1ttztb7 r-qvutc0 r-poiln3 r-1loqt21\" dir=\"ltr\" role=\"link\" href=\"https:\/\/x.com\/hashtag\/Quito?src=hashtag_click\">#Quito<\/a><\/span> <span class=\"r-18u37iz\"><a class=\"css-1jxf684 r-bcqeeo r-1ttztb7 r-qvutc0 r-poiln3 r-1loqt21\" dir=\"ltr\" role=\"link\" href=\"https:\/\/x.com\/hashtag\/SantoDomingo?src=hashtag_click\">#SantoDomingo<\/a><\/span> <span class=\"r-18u37iz\"><a class=\"css-1jxf684 r-bcqeeo r-1ttztb7 r-qvutc0 r-poiln3 r-1loqt21\" dir=\"ltr\" role=\"link\" href=\"https:\/\/x.com\/hashtag\/Manta?src=hashtag_click\">#Manta<\/a><\/span><span class=\"css-1jxf684 r-bcqeeo r-1ttztb7 r-qvutc0 r-poiln3\">. <\/span><span class=\"css-1jxf684 r-bcqeeo r-1ttztb7 r-qvutc0 r-poiln3\">\u00a0Hasta el momento se desconocen las causas del accidente. Agentes de la <\/span><span class=\"r-18u37iz\"><a class=\"css-1jxf684 r-bcqeeo r-1ttztb7 r-qvutc0 r-poiln3 r-1loqt21\" dir=\"ltr\" role=\"link\" href=\"https:\/\/x.com\/CTEcuador\">#CTEcuador<\/a><\/span><\/p>\n<p>investigan lo sucedido.<\/p>\n<p>La Cooperativa Reina del Camino, a lo largo de su historia de servicio a los ecuatorianos, ha protagonizado un sin n\u00famero de accidentes y soportado algunas sanciones que le ha significado suspensiones temporales.<\/p>\n","protected":false},"excerpt":{"rendered":"<p>Chone.- Las v\u00edas del pa\u00eds nuevamente se ti\u00f1en de sangre. Esta madrugada,\u00a0 aproximadamente a las 3H00 de la ma\u00f1ana, en la v\u00eda a #Chone , un bus de la cooperativa Reina del Camino se accident\u00f3 y dej\u00f3 como consecuencia de este suceso 3 v\u00edctimas mortales y 10 heridos. El bus de placa MAA &#8211; 5729 [&hellip;]<\/p>\n","protected":false},"author":3,"featured_media":14292,"comment_status":"open","ping_status":"closed","sticky":false,"template":"","format":"standard","meta":{"_jetpack_memberships_contains_paid_content":false,"footnotes":""},"categories":[1],"tags":[2282,2375,2374,1889],"class_list":["post-14290","post","type-post","status-publish","format-standard","has-post-thumbnail","hentry","category-publicidad","tag-credibilidad","tag-ctecuador","tag-reinadelcamino","tag-chone"],"jetpack_featured_media_url":"https:\/\/radiocresatelital.com\/wp-content\/uploads\/2024\/05\/reina-del-camino-1.jpg","jetpack_sharing_enabled":true,"_links":{"self":[{"href":"https:\/\/radiocresatelital.com\/index.php?rest_route=\/wp\/v2\/posts\/14290","targetHints":{"allow":["GET"]}}],"collection":[{"href":"https:\/\/radiocresatelital.com\/index.php?rest_route=\/wp\/v2\/posts"}],"about":[{"href":"https:\/\/radiocresatelital.com\/index.php?rest_route=\/wp\/v2\/types\/post"}],"author":[{"embeddable":true,"href":"https:\/\/radiocresatelital.com\/index.php?rest_route=\/wp\/v2\/users\/3"}],"replies":[{"embeddable":true,"href":"https:\/\/radiocresatelital.com\/index.php?rest_route=%2Fwp%2Fv2%2Fcomments&post=14290"}],"version-history":[{"count":1,"href":"https:\/\/radiocresatelital.com\/index.php?rest_route=\/wp\/v2\/posts\/14290\/revisions"}],"predecessor-version":[{"id":14293,"href":"https:\/\/radiocresatelital.com\/index.php?rest_route=\/wp\/v2\/posts\/14290\/revisions\/14293"}],"wp:featuredmedia":[{"embeddable":true,"href":"https:\/\/radiocresatelital.com\/index.php?rest_route=\/wp\/v2\/media\/14292"}],"wp:attachment":[{"href":"https:\/\/radiocresatelital.com\/index.php?rest_route=%2Fwp%2Fv2%2Fmedia&parent=14290"}],"wp:term":[{"taxonomy":"category","embeddable":true,"href":"https:\/\/radiocresatelital.com\/index.php?rest_route=%2Fwp%2Fv2%2Fcategories&post=14290"},{"taxonomy":"post_tag","embeddable":true,"href":"https:\/\/radiocresatelital.com\/index.php?rest_route=%2Fwp%2Fv2%2Ftags&post=14290"}],"curies":[{"name":"wp","href":"https:\/\/api.w.org\/{rel}","templated":true}]}}