{"id":1427,"date":"2023-07-21T22:52:32","date_gmt":"2023-07-21T22:52:32","guid":{"rendered":"https:\/\/radiocresatelital.com\/?p=1427"},"modified":"2023-07-21T22:53:04","modified_gmt":"2023-07-21T22:53:04","slug":"ant-culmino-con-la-socializacion-del-reglamento-de-turismo","status":"publish","type":"post","link":"https:\/\/radiocresatelital.com\/?p=1427","title":{"rendered":"ANT culmin\u00f3 con la socializaci\u00f3n del reglamento de Turismo"},"content":{"rendered":"<p>Quito.- Con la presencia de los representantes de las empresas de transporte y operadoras de agencias de viajes de transporte tur\u00edstico, este 20 de julio de 2023, concluy\u00f3 la socializaci\u00f3n del proyecto de Reglamento para el Servicio de Transporte Terrestre Comercial Tur\u00edstico, con el prop\u00f3stito de reactivar el sector tur\u00edstico en el pa\u00eds.<\/p>\n<p>Este trabajo, se ha venido evidenciado en varias mesas t\u00e9cnicas desde el mes de abril de 2023, integradas por representantes del sector tur\u00edstico, ministerio de Turismo y las \u00e1reas t\u00e9cnicas correspondientes de la ANT, donde se recogieron los aportes y observaciones de parte del gremio, para optimizar, actualizar y simplificar los tr\u00e1mites; para de esta forma, dar cumplimiento a las disposiciones de la Ley Org\u00e1nica de Transporte Terrestre, Tr\u00e1nsito y Seguridad Vial.<\/p>\n<p>Posterior a esta etapa, el\u00a0 proyecto de Reglamento entrar\u00e1 para conocimiento del Directorio de la Instituci\u00f3n, para\u00a0 su aprobaci\u00f3n y aplicaci\u00f3n.<\/p>\n<p>El director ejecutivo, subray\u00f3 que \u201ces importante resaltar el tabajo que se venido\u00a0 realizando de la mano con este importante sector, para que se concluya con su socializaci\u00f3n y sirva de manera eficente y segura, tanto para el turista como para el transportita, ya que al contar con una herramienta que norme este importante servicio del turismo, se obtendr\u00e1 beneficios compartidos.<\/p>\n","protected":false},"excerpt":{"rendered":"<p>Quito.- Con la presencia de los representantes de las empresas de transporte y operadoras de agencias de viajes de transporte tur\u00edstico, este 20 de julio de 2023, concluy\u00f3 la socializaci\u00f3n del proyecto de Reglamento para el Servicio de Transporte Terrestre Comercial Tur\u00edstico, con el prop\u00f3stito de reactivar el sector tur\u00edstico en el pa\u00eds. Este trabajo, [&hellip;]<\/p>\n","protected":false},"author":2,"featured_media":1428,"comment_status":"open","ping_status":"closed","sticky":false,"template":"","format":"standard","meta":{"_jetpack_memberships_contains_paid_content":false,"footnotes":""},"categories":[13],"tags":[343],"class_list":["post-1427","post","type-post","status-publish","format-standard","has-post-thumbnail","hentry","category-noticias-nacionales","tag-ant"],"jetpack_featured_media_url":"https:\/\/radiocresatelital.com\/wp-content\/uploads\/2023\/07\/DSC02304-copia-scaled.jpg","jetpack_sharing_enabled":true,"_links":{"self":[{"href":"https:\/\/radiocresatelital.com\/index.php?rest_route=\/wp\/v2\/posts\/1427","targetHints":{"allow":["GET"]}}],"collection":[{"href":"https:\/\/radiocresatelital.com\/index.php?rest_route=\/wp\/v2\/posts"}],"about":[{"href":"https:\/\/radiocresatelital.com\/index.php?rest_route=\/wp\/v2\/types\/post"}],"author":[{"embeddable":true,"href":"https:\/\/radiocresatelital.com\/index.php?rest_route=\/wp\/v2\/users\/2"}],"replies":[{"embeddable":true,"href":"https:\/\/radiocresatelital.com\/index.php?rest_route=%2Fwp%2Fv2%2Fcomments&post=1427"}],"version-history":[{"count":2,"href":"https:\/\/radiocresatelital.com\/index.php?rest_route=\/wp\/v2\/posts\/1427\/revisions"}],"predecessor-version":[{"id":1430,"href":"https:\/\/radiocresatelital.com\/index.php?rest_route=\/wp\/v2\/posts\/1427\/revisions\/1430"}],"wp:featuredmedia":[{"embeddable":true,"href":"https:\/\/radiocresatelital.com\/index.php?rest_route=\/wp\/v2\/media\/1428"}],"wp:attachment":[{"href":"https:\/\/radiocresatelital.com\/index.php?rest_route=%2Fwp%2Fv2%2Fmedia&parent=1427"}],"wp:term":[{"taxonomy":"category","embeddable":true,"href":"https:\/\/radiocresatelital.com\/index.php?rest_route=%2Fwp%2Fv2%2Fcategories&post=1427"},{"taxonomy":"post_tag","embeddable":true,"href":"https:\/\/radiocresatelital.com\/index.php?rest_route=%2Fwp%2Fv2%2Ftags&post=1427"}],"curies":[{"name":"wp","href":"https:\/\/api.w.org\/{rel}","templated":true}]}}