{"id":14242,"date":"2024-05-21T13:42:18","date_gmt":"2024-05-21T13:42:18","guid":{"rendered":"https:\/\/radiocresatelital.com\/?p=14242"},"modified":"2024-05-21T13:42:18","modified_gmt":"2024-05-21T13:42:18","slug":"sismo-en-pinas","status":"publish","type":"post","link":"https:\/\/radiocresatelital.com\/?p=14242","title":{"rendered":"Sismo en Pi\u00f1as"},"content":{"rendered":"<p>Pi\u00f1as.- Un sismo de 5.5 grados en la escala de Ritcher, se produjo anoche a poco m\u00e1s de 2 kms de la ciudad de Pi\u00f1as, en la provincia de El Oro y a una profundidad de 88 kms, seg\u00fan el Instituto Geof\u00edsico del Ecuador.<\/p>\n<p>Se conoce que el sismo aunque fue sentido en otras provincias como Guayas y Azuay, no ha deja v\u00edctimas. Seg\u00fan el Instituto Geof\u00edsico de Ecuador, el temblor tuvo una profundidad de 88 kil\u00f3metros. El movimiento tel\u00farico tambi\u00e9n fue sentido en Guayaquil y Cuenca.<\/p>\n<div id=\"sunmedia-div\">Cabe resaltar que antes del sismo de Pi\u00f1as, hubo un sismo en la frontera entre Per\u00fa y Brasil y otro en la provincia del Carchi, al norte del Ecuador.<\/div>\n<p>Los usuarios de celulares Android afirman que fueron avisados unos segundos antes de que sucediera el sismo.<\/p>\n<p>&nbsp;<\/p>\n","protected":false},"excerpt":{"rendered":"<p>Pi\u00f1as.- Un sismo de 5.5 grados en la escala de Ritcher, se produjo anoche a poco m\u00e1s de 2 kms de la ciudad de Pi\u00f1as, en la provincia de El Oro y a una profundidad de 88 kms, seg\u00fan el Instituto Geof\u00edsico del Ecuador. Se conoce que el sismo aunque fue sentido en otras provincias [&hellip;]<\/p>\n","protected":false},"author":3,"featured_media":14243,"comment_status":"open","ping_status":"closed","sticky":false,"template":"","format":"standard","meta":{"_jetpack_memberships_contains_paid_content":false,"footnotes":""},"categories":[13],"tags":[1930,795],"class_list":["post-14242","post","type-post","status-publish","format-standard","has-post-thumbnail","hentry","category-noticias-nacionales","tag-pinas","tag-temblor"],"jetpack_featured_media_url":"https:\/\/radiocresatelital.com\/wp-content\/uploads\/2024\/05\/sismo-en-pinas.png","jetpack_sharing_enabled":true,"_links":{"self":[{"href":"https:\/\/radiocresatelital.com\/index.php?rest_route=\/wp\/v2\/posts\/14242","targetHints":{"allow":["GET"]}}],"collection":[{"href":"https:\/\/radiocresatelital.com\/index.php?rest_route=\/wp\/v2\/posts"}],"about":[{"href":"https:\/\/radiocresatelital.com\/index.php?rest_route=\/wp\/v2\/types\/post"}],"author":[{"embeddable":true,"href":"https:\/\/radiocresatelital.com\/index.php?rest_route=\/wp\/v2\/users\/3"}],"replies":[{"embeddable":true,"href":"https:\/\/radiocresatelital.com\/index.php?rest_route=%2Fwp%2Fv2%2Fcomments&post=14242"}],"version-history":[{"count":1,"href":"https:\/\/radiocresatelital.com\/index.php?rest_route=\/wp\/v2\/posts\/14242\/revisions"}],"predecessor-version":[{"id":14244,"href":"https:\/\/radiocresatelital.com\/index.php?rest_route=\/wp\/v2\/posts\/14242\/revisions\/14244"}],"wp:featuredmedia":[{"embeddable":true,"href":"https:\/\/radiocresatelital.com\/index.php?rest_route=\/wp\/v2\/media\/14243"}],"wp:attachment":[{"href":"https:\/\/radiocresatelital.com\/index.php?rest_route=%2Fwp%2Fv2%2Fmedia&parent=14242"}],"wp:term":[{"taxonomy":"category","embeddable":true,"href":"https:\/\/radiocresatelital.com\/index.php?rest_route=%2Fwp%2Fv2%2Fcategories&post=14242"},{"taxonomy":"post_tag","embeddable":true,"href":"https:\/\/radiocresatelital.com\/index.php?rest_route=%2Fwp%2Fv2%2Ftags&post=14242"}],"curies":[{"name":"wp","href":"https:\/\/api.w.org\/{rel}","templated":true}]}}