{"id":14219,"date":"2024-05-20T21:40:47","date_gmt":"2024-05-20T21:40:47","guid":{"rendered":"https:\/\/radiocresatelital.com\/?p=14219"},"modified":"2024-05-20T21:40:47","modified_gmt":"2024-05-20T21:40:47","slug":"el-gobierno-nacional-invirtio-usd-26-4-millones-de-dolares-en-ambulancias-franklin-encalada","status":"publish","type":"post","link":"https:\/\/radiocresatelital.com\/?p=14219","title":{"rendered":"El Gobierno Nacional invirti\u00f3 USD 26.4 millones de d\u00f3lares en ambulancias, Franklin Encalada"},"content":{"rendered":"<p>Vinces.-\u00a0Este lunes 20 de mayo, en Vinces, el ministro de Salud P\u00fablica, Franklin Encalada presidi\u00f3 el acto de entrega de diez ambulancias para las provincias de Los R\u00edos, Bol\u00edvar y Guayas. Con la finalidad de fortalecer el servicio de Atenci\u00f3n Pre hospitalaria, y mejorar las condiciones de atenci\u00f3n de salud.<\/p>\n<p>Est\u00e1 previsto que tres ambulancias se sumen al trabajo en Guayas, Los R\u00edos y Bol\u00edvar; mientras que las dos restantes se distribuir\u00e1n a Santa Elena.<\/p>\n<p>\u201cEl presidente Daniel Noboa ha mostrado su preocupaci\u00f3n por el sistema sanitario, raz\u00f3n del fortalecimiento de la atenci\u00f3n pre hospitalaria\u201d, precis\u00f3 el ministro Encalada.<\/p>\n<p>Adem\u00e1s, refiri\u00f3 que algunos veh\u00edculos de salud m\u00f3vil cumplieron su vida \u00fatil, y es necesario el reemplazo. En este sentido se adquirieron ambulancias adecuadas y no veh\u00edculos adaptados.<\/p>\n<p>La m\u00e1xima autoridad sanitaria indic\u00f3 igualmente que, la dotaci\u00f3n de estos recursos de movilizaci\u00f3n representa la voluntad del Gobierno Nacional cuya inversi\u00f3n es superior a los 26 millones de d\u00f3lares.<\/p>\n<p>Las ambulancias, asegur\u00f3 el Secretario de Estado, est\u00e1n en condiciones de ofrecer un servicio continuo durante 22 horas, cuando las emergencias se prolonguen, porque son lo suficientemente sofisticadas. \u201cEsto es un sin\u00f3nimo de esperanza, las ambulancias est\u00e1n matriculadas, con permisos y seguros actualizados\u201d, a\u00f1adi\u00f3.<\/p>\n<p>Mauricio Tapia, m\u00e9dico de atenci\u00f3n pre hospitalaria, en su intervenci\u00f3n se\u00f1al\u00f3 que \u201cdetr\u00e1s de esta adquisici\u00f3n existe mucho esfuerzo y dedicaci\u00f3n, lo que nos impulsa a seguir salvando vidas y brindar un servicio oportuno y eficiente para nuestra comunidad\u201d, precis\u00f3.<\/p>\n<p>De esta forma, el Gobierno Nacional demuestra que se est\u00e1 construyendo nuevas pol\u00edticas de Estado, para impulsar estrategias que garanticen el derecho a la salud de toda la poblaci\u00f3n.<\/p>\n<p>Las ambulancias entregadas en Vinces son parte del convenio con la Oficina de las Naciones Unidas de Servicios para Proyectos (UNOPS), que incluye un total de 186 ambulancias equipadas, matriculadas, aseguradas y listas para integrarse al SIS ECU 9-1-1.<\/p>\n","protected":false},"excerpt":{"rendered":"<p>Vinces.-\u00a0Este lunes 20 de mayo, en Vinces, el ministro de Salud P\u00fablica, Franklin Encalada presidi\u00f3 el acto de entrega de diez ambulancias para las provincias de Los R\u00edos, Bol\u00edvar y Guayas. Con la finalidad de fortalecer el servicio de Atenci\u00f3n Pre hospitalaria, y mejorar las condiciones de atenci\u00f3n de salud. Est\u00e1 previsto que tres ambulancias [&hellip;]<\/p>\n","protected":false},"author":2,"featured_media":14220,"comment_status":"open","ping_status":"closed","sticky":false,"template":"","format":"standard","meta":{"_jetpack_memberships_contains_paid_content":false,"footnotes":""},"categories":[13],"tags":[1602,292],"class_list":["post-14219","post","type-post","status-publish","format-standard","has-post-thumbnail","hentry","category-noticias-nacionales","tag-franklin-encalada","tag-ministro-de-salud-publica"],"jetpack_featured_media_url":"https:\/\/radiocresatelital.com\/wp-content\/uploads\/2024\/05\/IMG_0062-1536x1024-1.jpg","jetpack_sharing_enabled":true,"_links":{"self":[{"href":"https:\/\/radiocresatelital.com\/index.php?rest_route=\/wp\/v2\/posts\/14219","targetHints":{"allow":["GET"]}}],"collection":[{"href":"https:\/\/radiocresatelital.com\/index.php?rest_route=\/wp\/v2\/posts"}],"about":[{"href":"https:\/\/radiocresatelital.com\/index.php?rest_route=\/wp\/v2\/types\/post"}],"author":[{"embeddable":true,"href":"https:\/\/radiocresatelital.com\/index.php?rest_route=\/wp\/v2\/users\/2"}],"replies":[{"embeddable":true,"href":"https:\/\/radiocresatelital.com\/index.php?rest_route=%2Fwp%2Fv2%2Fcomments&post=14219"}],"version-history":[{"count":1,"href":"https:\/\/radiocresatelital.com\/index.php?rest_route=\/wp\/v2\/posts\/14219\/revisions"}],"predecessor-version":[{"id":14221,"href":"https:\/\/radiocresatelital.com\/index.php?rest_route=\/wp\/v2\/posts\/14219\/revisions\/14221"}],"wp:featuredmedia":[{"embeddable":true,"href":"https:\/\/radiocresatelital.com\/index.php?rest_route=\/wp\/v2\/media\/14220"}],"wp:attachment":[{"href":"https:\/\/radiocresatelital.com\/index.php?rest_route=%2Fwp%2Fv2%2Fmedia&parent=14219"}],"wp:term":[{"taxonomy":"category","embeddable":true,"href":"https:\/\/radiocresatelital.com\/index.php?rest_route=%2Fwp%2Fv2%2Fcategories&post=14219"},{"taxonomy":"post_tag","embeddable":true,"href":"https:\/\/radiocresatelital.com\/index.php?rest_route=%2Fwp%2Fv2%2Ftags&post=14219"}],"curies":[{"name":"wp","href":"https:\/\/api.w.org\/{rel}","templated":true}]}}