{"id":14214,"date":"2024-05-20T21:28:30","date_gmt":"2024-05-20T21:28:30","guid":{"rendered":"https:\/\/radiocresatelital.com\/?p=14214"},"modified":"2024-05-20T21:28:30","modified_gmt":"2024-05-20T21:28:30","slug":"lionel-scaloni-presenta-lista-de-jugadores-para-amistosos-con-ecuador-y-guatemala-antes-de-copa-america","status":"publish","type":"post","link":"https:\/\/radiocresatelital.com\/?p=14214","title":{"rendered":"Lionel Scaloni presenta lista de jugadores para amistosos con Ecuador y Guatemala antes de Copa Am\u00e9rica"},"content":{"rendered":"<p>Buenos Aires.- El t\u00e9cnico de la Selecci\u00f3n Argentina de F\u00fatbol, Lionel Scaloni, ha presentado la los 29 convocados para enfrentar a ECUADOR y Guatemala en los cotejos amistosos previos a la Copa Am\u00e9rica que se jugar\u00e1 del 14 de Junio al 20 de Julio.<\/p>\n<p>Cabe indicar que en este n\u00f3mina no se encuentra el delantero del Roma, Paulo Dybala, quien fue reemplazado en la v\u00edspera en el triunfo por 1-0 de Roma ante Genoa por la fecha 37 de la Serie A, integr\u00f3 el plantel de Argentina que gan\u00f3 el Mundial de Qatar 2022 tras haber quedado al margen del equipo que conquist\u00f3 la Copa Am\u00e9rica 2021.<\/p>\n<p>Scaloni deber\u00e1 excluir a tres de los 29 jugadores convocados para los amistosos contra Ecuador y Guatemala para respetar el l\u00edmite de 26 aprobado por la Conmebol.<\/p>\n<p><strong>Detalle de la lista de convocados por Scaloni.<\/strong><\/p>\n<p><strong>Arqueros:<\/strong> Franco Armani (River Plate), Geronimo Rulli (Ajax, Pa\u00edses Bajos) y Emiliano Mart\u00ednez (Aston Villa, Inglaterra).<\/p>\n<p><strong>Defensores:<\/strong> Gonzalo Montiel (Nottingham Forest, Inglaterra), Nahuel Molina (Atl\u00e9tico Madrid, Espa\u00f1a), Leonardo Balerdi (Olympique de Marsella, Francia), Cristian Romero (Tottenham, Inglaterra), Germ\u00e1n Pezzella (Betis, Espa\u00f1a), Lucas Mart\u00ednez Quarta (Fiorentina, Italia), Nicol\u00e1s Otamendi (Benfica, Portugal), Lisandro Mart\u00ednez (Manchester United, Inglaterra), Marcos Acu\u00f1a (Sevilla, Espa\u00f1a), Nicol\u00e1s Tagliafico (Olympique Lyon, Francia) y Valent\u00edn Barco (Brighton &amp; Hove Albion, Inglaterra).<\/p>\n<p><strong>Mediocampistas:<\/strong> Guido Rodr\u00edguez (Betis, Espa\u00f1a), Leandro Paredes (Roma, Italia), Alexis Mac Allister (Liverpool, Inglaterra), Rodrigo De Paul (Atl\u00e9tico Madrid, Espa\u00f1a), Ezequiel Palacios (Bayer Leverkusen, Alemania), Enzo Fern\u00e1ndez (Chelsea, Inglaterra) y Giovani Lo Celso (Tottenham, Inglaterra).<\/p>\n<p><strong>Delanteros:<\/strong> Angel Di Mar\u00eda (Benfica, Portugal), Valent\u00edn Carboni (Monza, Italia), Lionel Messi (Inter Miami, EEUU), \u00c1ngel Correa (Atl\u00e9tico Madrid, Espa\u00f1a), Alejandro Garnacho (Manchester United, Inglaterra), Nicol\u00e1s Gonz\u00e1lez (Fiorentina, Italia), Lautaro Mart\u00ednez (Inter, Italia) y Juli\u00e1n \u00c1lvarez (Manchester City, Inglaterra).<\/p>\n","protected":false},"excerpt":{"rendered":"<p>Buenos Aires.- El t\u00e9cnico de la Selecci\u00f3n Argentina de F\u00fatbol, Lionel Scaloni, ha presentado la los 29 convocados para enfrentar a ECUADOR y Guatemala en los cotejos amistosos previos a la Copa Am\u00e9rica que se jugar\u00e1 del 14 de Junio al 20 de Julio. Cabe indicar que en este n\u00f3mina no se encuentra el delantero [&hellip;]<\/p>\n","protected":false},"author":2,"featured_media":5974,"comment_status":"open","ping_status":"closed","sticky":false,"template":"","format":"standard","meta":{"_jetpack_memberships_contains_paid_content":false,"footnotes":""},"categories":[29,9,7],"tags":[574,573],"class_list":["post-14214","post","type-post","status-publish","format-standard","has-post-thumbnail","hentry","category-copa-america-2024","category-deportes","category-futbol-internacional","tag-lionel-scaloni","tag-seleccion-argentina"],"jetpack_featured_media_url":"https:\/\/radiocresatelital.com\/wp-content\/uploads\/2023\/10\/Lionel-Scaloni-Qatar.jpg","jetpack_sharing_enabled":true,"_links":{"self":[{"href":"https:\/\/radiocresatelital.com\/index.php?rest_route=\/wp\/v2\/posts\/14214","targetHints":{"allow":["GET"]}}],"collection":[{"href":"https:\/\/radiocresatelital.com\/index.php?rest_route=\/wp\/v2\/posts"}],"about":[{"href":"https:\/\/radiocresatelital.com\/index.php?rest_route=\/wp\/v2\/types\/post"}],"author":[{"embeddable":true,"href":"https:\/\/radiocresatelital.com\/index.php?rest_route=\/wp\/v2\/users\/2"}],"replies":[{"embeddable":true,"href":"https:\/\/radiocresatelital.com\/index.php?rest_route=%2Fwp%2Fv2%2Fcomments&post=14214"}],"version-history":[{"count":1,"href":"https:\/\/radiocresatelital.com\/index.php?rest_route=\/wp\/v2\/posts\/14214\/revisions"}],"predecessor-version":[{"id":14215,"href":"https:\/\/radiocresatelital.com\/index.php?rest_route=\/wp\/v2\/posts\/14214\/revisions\/14215"}],"wp:featuredmedia":[{"embeddable":true,"href":"https:\/\/radiocresatelital.com\/index.php?rest_route=\/wp\/v2\/media\/5974"}],"wp:attachment":[{"href":"https:\/\/radiocresatelital.com\/index.php?rest_route=%2Fwp%2Fv2%2Fmedia&parent=14214"}],"wp:term":[{"taxonomy":"category","embeddable":true,"href":"https:\/\/radiocresatelital.com\/index.php?rest_route=%2Fwp%2Fv2%2Fcategories&post=14214"},{"taxonomy":"post_tag","embeddable":true,"href":"https:\/\/radiocresatelital.com\/index.php?rest_route=%2Fwp%2Fv2%2Ftags&post=14214"}],"curies":[{"name":"wp","href":"https:\/\/api.w.org\/{rel}","templated":true}]}}