{"id":14195,"date":"2024-05-20T20:25:02","date_gmt":"2024-05-20T20:25:02","guid":{"rendered":"https:\/\/radiocresatelital.com\/?p=14195"},"modified":"2024-05-20T20:25:14","modified_gmt":"2024-05-20T20:25:14","slug":"ecuador-mejora-indices-de-seguridad-vial-en-el-primer-cuatrimestre-de-2024","status":"publish","type":"post","link":"https:\/\/radiocresatelital.com\/?p=14195","title":{"rendered":"Ecuador mejora \u00edndices de seguridad vial en el primer cuatrimestre de 2024"},"content":{"rendered":"<p>Quito.- De acuerdo con los datos reportados por los entes de control a la Agencia Nacional de Tr\u00e1nsito (ANT), las estad\u00edsticas de siniestralidad vial entre enero y abril de 2024 disminuyeron en comparaci\u00f3n con las cifras de los mismos meses de 2023.<\/p>\n<p>Si bien la reducci\u00f3n de los incidentes de tr\u00e1nsito es de apenas un 0.2%, pasando de 6.547 en 2023 a 6.535 en 2024, los fallecidos se redujeron en un 9.1%, de 736 en 2023 a 669 en 2024; y los lesionados disminuyeron en un 4.17%, de 5.891 en 2023 a 5.617 en 2024.<\/p>\n<p>El trabajo liderado por la ANT, con el apoyo de instituciones gubernamentales, Gobiernos Aut\u00f3nomos Descentralizados, la sociedad civil, escuelas de conducci\u00f3n y la Academia, ha sido crucial para difundir el mensaje de responsabilidad en las v\u00edas y reducir la siniestralidad con sus fat\u00eddicas consecuencias.<\/p>\n<p>Entre las acciones ejecutadas, la Agencia Nacional de Tr\u00e1nsito conform\u00f3 la Mesa T\u00e9cnica de Seguridad Vial para articular acciones orientadas a fortalecer los controles en las v\u00edas y reforzar las activaciones de sensibilizaci\u00f3n en las carreteras del pa\u00eds.<\/p>\n<p>Asimismo, con el apoyo de Bloomberg Philanthropies, se desarroll\u00f3 la campa\u00f1a \u2018Baja la velocidad, tu familia te espera\u2019 para ser difundida en medios de comunicaci\u00f3n, redes sociales, espacios digitales y f\u00edsicos, con el mensaje de respeto a los l\u00edmites de velocidad.<\/p>\n<p>Dentro del reporte cuatrimestral, tambi\u00e9n se evidencia que las principales causas de los incidentes viales fueron distracciones al momento de conducir, superar los l\u00edmites de velocidad, irrespetar las se\u00f1ales de tr\u00e1nsito y no mantener una distancia prudencial entre veh\u00edculos.<\/p>\n<p>Adem\u00e1s, se identific\u00f3 que las ciudades con m\u00e1s incidentes de tr\u00e1nsito en este per\u00edodo fueron Guayaquil (1.375), Quito (1.240), Cuenca (350) y Santo Domingo (312); y que, por tipo de veh\u00edculos, la siniestralidad se concentr\u00f3 de forma mayoritaria en autom\u00f3viles (32%) y motocicletas (22%).<\/p>\n<p>La Agencia Nacional de Tr\u00e1nsito hace un llamado a todos los actores de la movilidad: peatones, ciclistas y conductores de veh\u00edculos p\u00fablicos o privados, para que respeten las normas de tr\u00e1nsito y cambien su comportamiento en las v\u00edas.<\/p>\n","protected":false},"excerpt":{"rendered":"<p>Quito.- De acuerdo con los datos reportados por los entes de control a la Agencia Nacional de Tr\u00e1nsito (ANT), las estad\u00edsticas de siniestralidad vial entre enero y abril de 2024 disminuyeron en comparaci\u00f3n con las cifras de los mismos meses de 2023. Si bien la reducci\u00f3n de los incidentes de tr\u00e1nsito es de apenas un [&hellip;]<\/p>\n","protected":false},"author":2,"featured_media":14196,"comment_status":"open","ping_status":"closed","sticky":false,"template":"","format":"standard","meta":{"_jetpack_memberships_contains_paid_content":false,"footnotes":""},"categories":[13],"tags":[1160],"class_list":["post-14195","post","type-post","status-publish","format-standard","has-post-thumbnail","hentry","category-noticias-nacionales","tag-agencia-nacional-de-transito"],"jetpack_featured_media_url":"https:\/\/radiocresatelital.com\/wp-content\/uploads\/2024\/05\/VIAS--scaled.jpg","jetpack_sharing_enabled":true,"_links":{"self":[{"href":"https:\/\/radiocresatelital.com\/index.php?rest_route=\/wp\/v2\/posts\/14195","targetHints":{"allow":["GET"]}}],"collection":[{"href":"https:\/\/radiocresatelital.com\/index.php?rest_route=\/wp\/v2\/posts"}],"about":[{"href":"https:\/\/radiocresatelital.com\/index.php?rest_route=\/wp\/v2\/types\/post"}],"author":[{"embeddable":true,"href":"https:\/\/radiocresatelital.com\/index.php?rest_route=\/wp\/v2\/users\/2"}],"replies":[{"embeddable":true,"href":"https:\/\/radiocresatelital.com\/index.php?rest_route=%2Fwp%2Fv2%2Fcomments&post=14195"}],"version-history":[{"count":1,"href":"https:\/\/radiocresatelital.com\/index.php?rest_route=\/wp\/v2\/posts\/14195\/revisions"}],"predecessor-version":[{"id":14197,"href":"https:\/\/radiocresatelital.com\/index.php?rest_route=\/wp\/v2\/posts\/14195\/revisions\/14197"}],"wp:featuredmedia":[{"embeddable":true,"href":"https:\/\/radiocresatelital.com\/index.php?rest_route=\/wp\/v2\/media\/14196"}],"wp:attachment":[{"href":"https:\/\/radiocresatelital.com\/index.php?rest_route=%2Fwp%2Fv2%2Fmedia&parent=14195"}],"wp:term":[{"taxonomy":"category","embeddable":true,"href":"https:\/\/radiocresatelital.com\/index.php?rest_route=%2Fwp%2Fv2%2Fcategories&post=14195"},{"taxonomy":"post_tag","embeddable":true,"href":"https:\/\/radiocresatelital.com\/index.php?rest_route=%2Fwp%2Fv2%2Ftags&post=14195"}],"curies":[{"name":"wp","href":"https:\/\/api.w.org\/{rel}","templated":true}]}}