{"id":14192,"date":"2024-05-20T20:18:29","date_gmt":"2024-05-20T20:18:29","guid":{"rendered":"https:\/\/radiocresatelital.com\/?p=14192"},"modified":"2024-05-20T20:18:29","modified_gmt":"2024-05-20T20:18:29","slug":"ministra-monica-palencia-entrego-informacion-sobre-la-lucha-contra-la-violencia-de-genero-a-la-asamblea-nacional","status":"publish","type":"post","link":"https:\/\/radiocresatelital.com\/?p=14192","title":{"rendered":"Ministra M\u00f3nica Palencia entreg\u00f3 informaci\u00f3n sobre la lucha contra la violencia de g\u00e9nero a la Asamblea Nacional"},"content":{"rendered":"<p>Quito.-\u00a0La ministra del Interior, M\u00f3nica Palencia, inform\u00f3 hoy sobre el trabajo del Ministerio del Interior en la lucha contra la violencia de g\u00e9nero. Destac\u00f3 que se coordinan acciones con la instituci\u00f3n policial y otras instituciones para la prevenci\u00f3n de delitos relacionados. Con respecto a la intervenci\u00f3n en casos flagrantes, la Polic\u00eda Nacional puede y debe actuar en casos flagrantes de violencia de g\u00e9nero, sin importar la jurisdicci\u00f3n de los agentes.<\/p>\n<p>La titular de esta Cartera de Estado resalt\u00f3 que 55.283 servidores policiales se capacitaron para prevenir y erradicar la violencia contra las mujeres en el a\u00f1o 2023. Las acciones de prevenci\u00f3n, sensibilizaci\u00f3n y capacitaci\u00f3n contin\u00faan, en el 2024 se han realizado 430 capacitaciones, 16.495 funcionarios civiles y 45.427 servidores policiales capacitados.<\/p>\n<p>En relaci\u00f3n al trabajo desarrollado con la Cooperaci\u00f3n T\u00e9cnica Alemana GIZ Ecuador del Programa Prev\u00ed Mujer, 45.427 servidores de la Polic\u00eda Nacional alcanzaron una certificaci\u00f3n en materia de prevenci\u00f3n de violencia de g\u00e9nero, al igual que alrededor de 800 funcionarios del Ministerio del Interior. Ambas instituciones cuentan con la \u201cCertificaci\u00f3n Instituci\u00f3n Segura Libre de Violencia\u201d conferida por el Ministerio de Trabajo.<\/p>\n<p>La ministra Palencia destac\u00f3 que el Ministerio est\u00e1 fortaleciendo el Sistema de Alerta Temprana para anticipaci\u00f3n a femicidio. \u201cActualmente se coordinan acciones y asistencia t\u00e9cnica para la fase 2 del proyecto, junto a la iniciativa Spotlight de ONU Mujeres\u201d, afirm\u00f3. Asimismo, se contin\u00faan desarrollando proyectos como MAPIS, Medidas Administrativas de Protecci\u00f3n Inmediatas, dirigidos a detener y prevenir la vulneraci\u00f3n de derechos de la mujer, que hasta abril de 2024 ha recibido 8.844 casos.<\/p>\n<p>John Game, subsecretario de Seguridad Ciudadana, explic\u00f3 que, en cuanto al comportamiento del femicidio, existe una reducci\u00f3n del 22 % en comparaci\u00f3n con el mismo periodo del a\u00f1o pasado. Adem\u00e1s, entre 2019 y el 15 de mayo de 2024, 125 personas de alta peligrosidad requeridas por la Ley han sido capturadas a escala nacional e internacional dentro del programa Los M\u00e1s Buscados, por delitos de violencia de g\u00e9nero.<\/p>\n<p>La Unidad Nacional de Investigaci\u00f3n y Protecci\u00f3n de la Ni\u00f1ez y Adolescencia (DEVIF) de la Policial Nacional, del 1 de enero al 15 de mayo de 2024, ha recibido: 33.180 delegaciones, 423 detenidos con boleta, 47 detenidos en flagrancia, 12.878 medidas de protecci\u00f3n ejecutadas, 10.326 boletas de citaci\u00f3n entregadas, 4.652 reconocimientos de lugar de los hechos, 876 boletas de auxilio entregadas y 343 casos de cadena de custodia.<\/p>\n<p>El Ministerio del Interior trabaja en la construcci\u00f3n del Nuevo Ecuador y, en cumplimiento de la Ley Org\u00e1nica Integral para Prevenir y Erradicar la Violencia Contra las Mujeres, ratifica su compromiso con la construcci\u00f3n de la nueva pol\u00edtica p\u00fablica. Para ello, seguir\u00e1 promoviendo la formaci\u00f3n, reflexi\u00f3n y el trabajo interinstitucional para brindar respuestas y seguimiento oportuno.<\/p>\n","protected":false},"excerpt":{"rendered":"<p>Quito.-\u00a0La ministra del Interior, M\u00f3nica Palencia, inform\u00f3 hoy sobre el trabajo del Ministerio del Interior en la lucha contra la violencia de g\u00e9nero. Destac\u00f3 que se coordinan acciones con la instituci\u00f3n policial y otras instituciones para la prevenci\u00f3n de delitos relacionados. Con respecto a la intervenci\u00f3n en casos flagrantes, la Polic\u00eda Nacional puede y debe [&hellip;]<\/p>\n","protected":false},"author":2,"featured_media":14193,"comment_status":"open","ping_status":"closed","sticky":false,"template":"","format":"standard","meta":{"_jetpack_memberships_contains_paid_content":false,"footnotes":""},"categories":[13],"tags":[2075,1337],"class_list":["post-14192","post","type-post","status-publish","format-standard","has-post-thumbnail","hentry","category-noticias-nacionales","tag-ministra-del-interior","tag-monica-palencia"],"jetpack_featured_media_url":"https:\/\/radiocresatelital.com\/wp-content\/uploads\/2024\/05\/Imagen-de-WhatsApp-2024-05-20-a-las-14.35.28_dd70ae07.jpg","jetpack_sharing_enabled":true,"_links":{"self":[{"href":"https:\/\/radiocresatelital.com\/index.php?rest_route=\/wp\/v2\/posts\/14192","targetHints":{"allow":["GET"]}}],"collection":[{"href":"https:\/\/radiocresatelital.com\/index.php?rest_route=\/wp\/v2\/posts"}],"about":[{"href":"https:\/\/radiocresatelital.com\/index.php?rest_route=\/wp\/v2\/types\/post"}],"author":[{"embeddable":true,"href":"https:\/\/radiocresatelital.com\/index.php?rest_route=\/wp\/v2\/users\/2"}],"replies":[{"embeddable":true,"href":"https:\/\/radiocresatelital.com\/index.php?rest_route=%2Fwp%2Fv2%2Fcomments&post=14192"}],"version-history":[{"count":1,"href":"https:\/\/radiocresatelital.com\/index.php?rest_route=\/wp\/v2\/posts\/14192\/revisions"}],"predecessor-version":[{"id":14194,"href":"https:\/\/radiocresatelital.com\/index.php?rest_route=\/wp\/v2\/posts\/14192\/revisions\/14194"}],"wp:featuredmedia":[{"embeddable":true,"href":"https:\/\/radiocresatelital.com\/index.php?rest_route=\/wp\/v2\/media\/14193"}],"wp:attachment":[{"href":"https:\/\/radiocresatelital.com\/index.php?rest_route=%2Fwp%2Fv2%2Fmedia&parent=14192"}],"wp:term":[{"taxonomy":"category","embeddable":true,"href":"https:\/\/radiocresatelital.com\/index.php?rest_route=%2Fwp%2Fv2%2Fcategories&post=14192"},{"taxonomy":"post_tag","embeddable":true,"href":"https:\/\/radiocresatelital.com\/index.php?rest_route=%2Fwp%2Fv2%2Ftags&post=14192"}],"curies":[{"name":"wp","href":"https:\/\/api.w.org\/{rel}","templated":true}]}}