{"id":14175,"date":"2024-05-20T16:21:40","date_gmt":"2024-05-20T16:21:40","guid":{"rendered":"https:\/\/radiocresatelital.com\/?p=14175"},"modified":"2024-05-20T16:21:40","modified_gmt":"2024-05-20T16:21:40","slug":"finanzas-298-millones-para-los-gads","status":"publish","type":"post","link":"https:\/\/radiocresatelital.com\/?p=14175","title":{"rendered":"Finanzas:  $ 298 millones para los GADS"},"content":{"rendered":"<p>Quito.- El Ministerio de Finanzas, anunci\u00f3 el pago de $ 298,5 millones a los GADS regido por el Modelo de Equidad Territorial.<\/p>\n<p>&#8211; GADS Municipales $ 200,6<\/p>\n<p>&#8211; PROVINCIALES $ 94,6<\/p>\n<p>&#8211; Parroquiales $ 3,3<\/p>\n<p>Pese a \u00e9stos aportes, a\u00fan hay deuda pendiente de la administraci\u00f3n anterior.<\/p>\n<p style=\"text-align: left;\">Por otra parte, las Prefecturas han recibido sus pagos hasta el mes de Marzo.<\/p>\n","protected":false},"excerpt":{"rendered":"<p>Quito.- El Ministerio de Finanzas, anunci\u00f3 el pago de $ 298,5 millones a los GADS regido por el Modelo de Equidad Territorial. &#8211; GADS Municipales $ 200,6 &#8211; PROVINCIALES $ 94,6 &#8211; Parroquiales $ 3,3 Pese a \u00e9stos aportes, a\u00fan hay deuda pendiente de la administraci\u00f3n anterior. Por otra parte, las Prefecturas han recibido sus [&hellip;]<\/p>\n","protected":false},"author":3,"featured_media":14178,"comment_status":"open","ping_status":"closed","sticky":false,"template":"","format":"standard","meta":{"_jetpack_memberships_contains_paid_content":false,"footnotes":""},"categories":[13],"tags":[2351,1575],"class_list":["post-14175","post","type-post","status-publish","format-standard","has-post-thumbnail","hentry","category-noticias-nacionales","tag-finanzas","tag-gads"],"jetpack_featured_media_url":"https:\/\/radiocresatelital.com\/wp-content\/uploads\/2024\/05\/images-1.jpeg","jetpack_sharing_enabled":true,"_links":{"self":[{"href":"https:\/\/radiocresatelital.com\/index.php?rest_route=\/wp\/v2\/posts\/14175","targetHints":{"allow":["GET"]}}],"collection":[{"href":"https:\/\/radiocresatelital.com\/index.php?rest_route=\/wp\/v2\/posts"}],"about":[{"href":"https:\/\/radiocresatelital.com\/index.php?rest_route=\/wp\/v2\/types\/post"}],"author":[{"embeddable":true,"href":"https:\/\/radiocresatelital.com\/index.php?rest_route=\/wp\/v2\/users\/3"}],"replies":[{"embeddable":true,"href":"https:\/\/radiocresatelital.com\/index.php?rest_route=%2Fwp%2Fv2%2Fcomments&post=14175"}],"version-history":[{"count":1,"href":"https:\/\/radiocresatelital.com\/index.php?rest_route=\/wp\/v2\/posts\/14175\/revisions"}],"predecessor-version":[{"id":14179,"href":"https:\/\/radiocresatelital.com\/index.php?rest_route=\/wp\/v2\/posts\/14175\/revisions\/14179"}],"wp:featuredmedia":[{"embeddable":true,"href":"https:\/\/radiocresatelital.com\/index.php?rest_route=\/wp\/v2\/media\/14178"}],"wp:attachment":[{"href":"https:\/\/radiocresatelital.com\/index.php?rest_route=%2Fwp%2Fv2%2Fmedia&parent=14175"}],"wp:term":[{"taxonomy":"category","embeddable":true,"href":"https:\/\/radiocresatelital.com\/index.php?rest_route=%2Fwp%2Fv2%2Fcategories&post=14175"},{"taxonomy":"post_tag","embeddable":true,"href":"https:\/\/radiocresatelital.com\/index.php?rest_route=%2Fwp%2Fv2%2Ftags&post=14175"}],"curies":[{"name":"wp","href":"https:\/\/api.w.org\/{rel}","templated":true}]}}