{"id":14174,"date":"2024-05-20T16:01:56","date_gmt":"2024-05-20T16:01:56","guid":{"rendered":"https:\/\/radiocresatelital.com\/?p=14174"},"modified":"2024-05-20T16:51:02","modified_gmt":"2024-05-20T16:51:02","slug":"daniel-frias-renuncia-al-concurso-para-defensor-publico","status":"publish","type":"post","link":"https:\/\/radiocresatelital.com\/?p=14174","title":{"rendered":"Daniel Fr\u00edas renuncia al concurso para Defensor P\u00fablico"},"content":{"rendered":"<p style=\"text-align: left;\">Guayaquil.- El Dr. Daniel Fr\u00edas Toral, decidi\u00f3 renunciar a la candidatura para Defensor P\u00fablico, pese a liderar con sus notas los ex\u00e1menes tanto escrito como oral para ocupar dicho cargo, para lo cual la ciudadan\u00eda puede acceder libremente a la plataforma donde constan sus valoraciones.<\/p>\n<p>Fr\u00edas, resalt\u00f3 que renuncia tambi\u00e9n a toda acci\u00f3n legal a la cual tendr\u00eda derecho, como denunciar al CPCCS,\u00a0 acciones de protecci\u00f3n, denuncias internacionales o cualquier otra forma de reclamo, pues no es su intenci\u00f3n llegar de esa manera a ning\u00fan cargo.<\/p>\n<p>Fr\u00edas, quien decidi\u00f3 dar un paso al costado, dijo que antes de ingresar a \u00e9ste concurso, nunca hab\u00eda sido cuestionado p\u00fablicamente, pero ahora, el mismo grupo que cuestiona a la Fiscal General del Estado, Dra. Diana Salazar, se ha dedicado a difundir cuestionamientos a su participaci\u00f3n.<\/p>\n<p>&nbsp;<\/p>\n","protected":false},"excerpt":{"rendered":"<p>Guayaquil.- El Dr. Daniel Fr\u00edas Toral, decidi\u00f3 renunciar a la candidatura para Defensor P\u00fablico, pese a liderar con sus notas los ex\u00e1menes tanto escrito como oral para ocupar dicho cargo, para lo cual la ciudadan\u00eda puede acceder libremente a la plataforma donde constan sus valoraciones. Fr\u00edas, resalt\u00f3 que renuncia tambi\u00e9n a toda acci\u00f3n legal a [&hellip;]<\/p>\n","protected":false},"author":3,"featured_media":14176,"comment_status":"open","ping_status":"closed","sticky":false,"template":"","format":"standard","meta":{"_jetpack_memberships_contains_paid_content":false,"footnotes":""},"categories":[13],"tags":[2349,2350],"class_list":["post-14174","post","type-post","status-publish","format-standard","has-post-thumbnail","hentry","category-noticias-nacionales","tag-danielfrias","tag-defensorpublico"],"jetpack_featured_media_url":"https:\/\/radiocresatelital.com\/wp-content\/uploads\/2024\/05\/daniel-frias.jpg","jetpack_sharing_enabled":true,"_links":{"self":[{"href":"https:\/\/radiocresatelital.com\/index.php?rest_route=\/wp\/v2\/posts\/14174","targetHints":{"allow":["GET"]}}],"collection":[{"href":"https:\/\/radiocresatelital.com\/index.php?rest_route=\/wp\/v2\/posts"}],"about":[{"href":"https:\/\/radiocresatelital.com\/index.php?rest_route=\/wp\/v2\/types\/post"}],"author":[{"embeddable":true,"href":"https:\/\/radiocresatelital.com\/index.php?rest_route=\/wp\/v2\/users\/3"}],"replies":[{"embeddable":true,"href":"https:\/\/radiocresatelital.com\/index.php?rest_route=%2Fwp%2Fv2%2Fcomments&post=14174"}],"version-history":[{"count":4,"href":"https:\/\/radiocresatelital.com\/index.php?rest_route=\/wp\/v2\/posts\/14174\/revisions"}],"predecessor-version":[{"id":14187,"href":"https:\/\/radiocresatelital.com\/index.php?rest_route=\/wp\/v2\/posts\/14174\/revisions\/14187"}],"wp:featuredmedia":[{"embeddable":true,"href":"https:\/\/radiocresatelital.com\/index.php?rest_route=\/wp\/v2\/media\/14176"}],"wp:attachment":[{"href":"https:\/\/radiocresatelital.com\/index.php?rest_route=%2Fwp%2Fv2%2Fmedia&parent=14174"}],"wp:term":[{"taxonomy":"category","embeddable":true,"href":"https:\/\/radiocresatelital.com\/index.php?rest_route=%2Fwp%2Fv2%2Fcategories&post=14174"},{"taxonomy":"post_tag","embeddable":true,"href":"https:\/\/radiocresatelital.com\/index.php?rest_route=%2Fwp%2Fv2%2Ftags&post=14174"}],"curies":[{"name":"wp","href":"https:\/\/api.w.org\/{rel}","templated":true}]}}