{"id":14145,"date":"2024-05-19T16:55:09","date_gmt":"2024-05-19T16:55:09","guid":{"rendered":"https:\/\/radiocresatelital.com\/?p=14145"},"modified":"2024-05-19T16:55:09","modified_gmt":"2024-05-19T16:55:09","slug":"msp-recibio-mas-de-240-mil-unidades-de-insulina-para-abastecer-sus-establecimientos-a-escala-nacional","status":"publish","type":"post","link":"https:\/\/radiocresatelital.com\/?p=14145","title":{"rendered":"MSP recibi\u00f3 m\u00e1s de 240 mil unidades de insulina para abastecer sus establecimientos a escala nacional"},"content":{"rendered":"<p>Quito.- El Ministerio de Salud P\u00fablica (MSP) mantiene un abastecimiento de insulina del 100% en todos sus establecimientos de salud para brindar atenci\u00f3n oportuna a pacientes diab\u00e9ticos. Este domingo 19 de mayo se receptaron 243.982 unidades de Insulina NPH Intermedia en el Banco Nacional de Vacunas en Quito, bajo un protocolo de cadena de fr\u00edo (temperatura adecuada) para una correcta conservaci\u00f3n, almacenamiento y transporte del biol\u00f3gico.<\/p>\n<p>Esta recepci\u00f3n corresponde a la tercera entrega de cuatro previstas a trav\u00e9s de la adhesi\u00f3n del Ecuador al Consejo de Ministros de Salud de Centroam\u00e9rica (COMISCA) la cual hizo posible un convenio con la empresa Novo Nordisk por un monto de $2.312.679 para la adquisici\u00f3n de 87.707 unidades de insulina de acci\u00f3n r\u00e1pida y 707.954 de acci\u00f3n intermedia.<\/p>\n<p>El periodo de abastecimiento aproximado de las m\u00e1s de 240 mil unidades de insulina recibidas es entre 12 a 15 meses, dependiendo del consumo del f\u00e1rmaco, el cual ser\u00e1 distribuido a las nueve coordinaciones zonales que incluye las 24 provincias del pa\u00eds, de acuerdo al stock disponible a la fecha de cada establecimiento de salud y el consumo promedio mensual.<\/p>\n<p>Es importante tambi\u00e9n mencionar que con la adhesi\u00f3n del Ecuador al COMISCA esta cartera de Estado ha podido gestionar la adquisici\u00f3n de medicamentos, a trav\u00e9s de la negociaci\u00f3n de precios que este organismo ejecuta, para que los pa\u00edses miembros puedan acceder a medicamentos con precios m\u00e1s accesibles.<\/p>\n<p>A finales de 2022 el MSP adquiri\u00f3 22.000 unidades de insulina de acci\u00f3n r\u00e1pida y 190.000 de acci\u00f3n intermedia a trav\u00e9s del Programa de las Naciones Unidas para el Desarrollo (PNUD). La adquisici\u00f3n abasteci\u00f3 a los establecimientos de salud por un periodo aproximado de 4 meses, y fueron recibidas el primer cuatrimestre de 2023.<\/p>\n<p>A la par se realiz\u00f3 un proceso de adquisici\u00f3n centralizado a trav\u00e9s de subasta inversa institucional de 85.000 unidades de insulina de acci\u00f3n intermedia cuyo contrato se suscribi\u00f3 el 19 de mayo 2023. Asimismo, se gestion\u00f3 otros mecanismos de abastecimiento como la donaci\u00f3n y adquisici\u00f3n a trav\u00e9s de Organismos Internacionales; fue as\u00ed que el MSP recibi\u00f3 una donaci\u00f3n por parte de la Organizaci\u00f3n Direct Relief de 4.800 unidades de acci\u00f3n r\u00e1pida y 21.875 de acci\u00f3n intermedia en enero de 2024.<\/p>\n<p>El abastecimiento de insulina se enmarca en el Programa Nacional de Atenci\u00f3n Integral de la Diabetes, que permite identificar factores de riesgo, acceder a tratamiento oportuno, adem\u00e1s seguimiento y control de pacientes, disminuyendo las complicaciones como hospitalizaci\u00f3n y muerte prematura por esta enfermedad.<\/p>\n<p>El MSP continuar\u00e1 ejecutando acciones y estrategias concretas para la provisi\u00f3n adecuada de medicamentos en todo el pa\u00eds con el prop\u00f3sito de garantizar salud y bienestar a toda la poblaci\u00f3n, en especial a la poblaci\u00f3n prioritaria y vulnerable.<\/p>\n","protected":false},"excerpt":{"rendered":"<p>Quito.- El Ministerio de Salud P\u00fablica (MSP) mantiene un abastecimiento de insulina del 100% en todos sus establecimientos de salud para brindar atenci\u00f3n oportuna a pacientes diab\u00e9ticos. Este domingo 19 de mayo se receptaron 243.982 unidades de Insulina NPH Intermedia en el Banco Nacional de Vacunas en Quito, bajo un protocolo de cadena de fr\u00edo [&hellip;]<\/p>\n","protected":false},"author":2,"featured_media":14146,"comment_status":"open","ping_status":"closed","sticky":false,"template":"","format":"standard","meta":{"_jetpack_memberships_contains_paid_content":false,"footnotes":""},"categories":[13],"tags":[148],"class_list":["post-14145","post","type-post","status-publish","format-standard","has-post-thumbnail","hentry","category-noticias-nacionales","tag-ministerio-de-salud-publica"],"jetpack_featured_media_url":"https:\/\/radiocresatelital.com\/wp-content\/uploads\/2024\/05\/WhatsApp-Image-2024-05-19-at-09.50.54-scaled-1.jpeg","jetpack_sharing_enabled":true,"_links":{"self":[{"href":"https:\/\/radiocresatelital.com\/index.php?rest_route=\/wp\/v2\/posts\/14145","targetHints":{"allow":["GET"]}}],"collection":[{"href":"https:\/\/radiocresatelital.com\/index.php?rest_route=\/wp\/v2\/posts"}],"about":[{"href":"https:\/\/radiocresatelital.com\/index.php?rest_route=\/wp\/v2\/types\/post"}],"author":[{"embeddable":true,"href":"https:\/\/radiocresatelital.com\/index.php?rest_route=\/wp\/v2\/users\/2"}],"replies":[{"embeddable":true,"href":"https:\/\/radiocresatelital.com\/index.php?rest_route=%2Fwp%2Fv2%2Fcomments&post=14145"}],"version-history":[{"count":1,"href":"https:\/\/radiocresatelital.com\/index.php?rest_route=\/wp\/v2\/posts\/14145\/revisions"}],"predecessor-version":[{"id":14147,"href":"https:\/\/radiocresatelital.com\/index.php?rest_route=\/wp\/v2\/posts\/14145\/revisions\/14147"}],"wp:featuredmedia":[{"embeddable":true,"href":"https:\/\/radiocresatelital.com\/index.php?rest_route=\/wp\/v2\/media\/14146"}],"wp:attachment":[{"href":"https:\/\/radiocresatelital.com\/index.php?rest_route=%2Fwp%2Fv2%2Fmedia&parent=14145"}],"wp:term":[{"taxonomy":"category","embeddable":true,"href":"https:\/\/radiocresatelital.com\/index.php?rest_route=%2Fwp%2Fv2%2Fcategories&post=14145"},{"taxonomy":"post_tag","embeddable":true,"href":"https:\/\/radiocresatelital.com\/index.php?rest_route=%2Fwp%2Fv2%2Ftags&post=14145"}],"curies":[{"name":"wp","href":"https:\/\/api.w.org\/{rel}","templated":true}]}}