{"id":14130,"date":"2024-05-18T19:14:59","date_gmt":"2024-05-18T19:14:59","guid":{"rendered":"https:\/\/radiocresatelital.com\/?p=14130"},"modified":"2024-05-18T19:14:59","modified_gmt":"2024-05-18T19:14:59","slug":"en-julio-y-agosto-se-dara-inicio-a-las-matriculas-y-traslados-en-instituciones-educativas-fiscales-del-regimen-sierra-amazonia-2024-2025","status":"publish","type":"post","link":"https:\/\/radiocresatelital.com\/?p=14130","title":{"rendered":"En julio y agosto se dar\u00e1 inicio a las matr\u00edculas y traslados en instituciones educativas fiscales del r\u00e9gimen Sierra-Amazon\u00eda 2024-2025"},"content":{"rendered":"<p>Quito.-\u00a0El Ministerio de Educaci\u00f3n comunica el inicio del proceso de matr\u00edculas y traslados de estudiantes en instituciones educativas fiscales para el r\u00e9gimen Sierra-Amazon\u00eda del a\u00f1o lectivo 2024-2025, seg\u00fan el siguiente cronograma:<\/p>\n<ul>\n<li><strong>Traslados de hermanos entre instituciones educativas fiscales:<\/strong>\u00a016 al 21 de julio.<\/li>\n<li><strong>Matr\u00edculas ordinarias de hermanos en instituciones educativas fiscales:<\/strong>\u00a023 al 28 de julio.<\/li>\n<li><strong>Traslados de estudiantes entre instituciones educativas fiscales. (Fase 1)<\/strong>\u00a030 julio al 06 de agosto.<\/li>\n<li><strong>Matr\u00edculas Ordinarias de estudiantes en instituciones educativas fiscales:<\/strong>\u00a013 a 25 de agosto.<\/li>\n<li><strong>Traslados de estudiantes entre instituciones educativas fiscales.\u00a0 (Fase 2)\u00a0<\/strong>\u00a0\u00a0\u00a0 26 a 28 de agosto.<\/li>\n<li><strong>Inicio de clases Sierra \u2013 Amazon\u00eda:<\/strong>\u00a02 de septiembre de 2024<\/li>\n<\/ul>\n<p>Los procesos de matr\u00edcula ordinaria, traslados de estudiantes y matr\u00edculas extraordinarias se realizar\u00e1n a trav\u00e9s de la p\u00e1gina web: www.juntos.educacion.gob.ec para permitir a las familias escoger la instituci\u00f3n educativa de acuerdo a la disponibilidad de oferta (cupos disponibles) y la ubicaci\u00f3n de referencia.<\/p>\n<p>En todas las direcciones distritales atenderemos con operadores telef\u00f3nicos para asegurar el acceso a la educaci\u00f3n y continuidad de las ni\u00f1as, ni\u00f1os y adolescentes en el sistema educativo.<\/p>\n<p><strong>A partir del 01 de julio de 2024<\/strong>\u00a0se habilitar\u00e1 de manera permanente la opci\u00f3n de consulta en l\u00ednea para que la familia pueda conocer la instituci\u00f3n educativa fiscal en la que se encuentra matriculado su hijo o representado.<\/p>\n<p>Garantizamos el cumplimiento de las disposiciones y el cronograma establecidos a trav\u00e9s de los directores zonales y distritales de Planificaci\u00f3n y Apoyo, Seguimiento y Regulaci\u00f3n de la Educaci\u00f3n.<\/p>\n","protected":false},"excerpt":{"rendered":"<p>Quito.-\u00a0El Ministerio de Educaci\u00f3n comunica el inicio del proceso de matr\u00edculas y traslados de estudiantes en instituciones educativas fiscales para el r\u00e9gimen Sierra-Amazon\u00eda del a\u00f1o lectivo 2024-2025, seg\u00fan el siguiente cronograma: Traslados de hermanos entre instituciones educativas fiscales:\u00a016 al 21 de julio. Matr\u00edculas ordinarias de hermanos en instituciones educativas fiscales:\u00a023 al 28 de julio. Traslados [&hellip;]<\/p>\n","protected":false},"author":2,"featured_media":14131,"comment_status":"open","ping_status":"closed","sticky":false,"template":"","format":"standard","meta":{"_jetpack_memberships_contains_paid_content":false,"footnotes":""},"categories":[13],"tags":[444],"class_list":["post-14130","post","type-post","status-publish","format-standard","has-post-thumbnail","hentry","category-noticias-nacionales","tag-ministerio-de-educacion"],"jetpack_featured_media_url":"https:\/\/radiocresatelital.com\/wp-content\/uploads\/2024\/05\/estudiantes-clases.png","jetpack_sharing_enabled":true,"_links":{"self":[{"href":"https:\/\/radiocresatelital.com\/index.php?rest_route=\/wp\/v2\/posts\/14130","targetHints":{"allow":["GET"]}}],"collection":[{"href":"https:\/\/radiocresatelital.com\/index.php?rest_route=\/wp\/v2\/posts"}],"about":[{"href":"https:\/\/radiocresatelital.com\/index.php?rest_route=\/wp\/v2\/types\/post"}],"author":[{"embeddable":true,"href":"https:\/\/radiocresatelital.com\/index.php?rest_route=\/wp\/v2\/users\/2"}],"replies":[{"embeddable":true,"href":"https:\/\/radiocresatelital.com\/index.php?rest_route=%2Fwp%2Fv2%2Fcomments&post=14130"}],"version-history":[{"count":1,"href":"https:\/\/radiocresatelital.com\/index.php?rest_route=\/wp\/v2\/posts\/14130\/revisions"}],"predecessor-version":[{"id":14132,"href":"https:\/\/radiocresatelital.com\/index.php?rest_route=\/wp\/v2\/posts\/14130\/revisions\/14132"}],"wp:featuredmedia":[{"embeddable":true,"href":"https:\/\/radiocresatelital.com\/index.php?rest_route=\/wp\/v2\/media\/14131"}],"wp:attachment":[{"href":"https:\/\/radiocresatelital.com\/index.php?rest_route=%2Fwp%2Fv2%2Fmedia&parent=14130"}],"wp:term":[{"taxonomy":"category","embeddable":true,"href":"https:\/\/radiocresatelital.com\/index.php?rest_route=%2Fwp%2Fv2%2Fcategories&post=14130"},{"taxonomy":"post_tag","embeddable":true,"href":"https:\/\/radiocresatelital.com\/index.php?rest_route=%2Fwp%2Fv2%2Ftags&post=14130"}],"curies":[{"name":"wp","href":"https:\/\/api.w.org\/{rel}","templated":true}]}}