{"id":14121,"date":"2024-05-17T22:50:05","date_gmt":"2024-05-17T22:50:05","guid":{"rendered":"https:\/\/radiocresatelital.com\/?p=14121"},"modified":"2024-05-17T22:55:05","modified_gmt":"2024-05-17T22:55:05","slug":"en-nueve-ciudades-del-ecuador-se-realizaran-caminatas-en-favor-de-la-lactancia-materna-y-la-prevencion-de-la-desnutricion-infantil","status":"publish","type":"post","link":"https:\/\/radiocresatelital.com\/?p=14121","title":{"rendered":"En nueve ciudades del Ecuador se realizar\u00e1n caminatas en favor de la lactancia materna y la prevenci\u00f3n de la desnutrici\u00f3n infantil"},"content":{"rendered":"<p>Guayaquil.- El pr\u00f3ximo 18 de mayo, de manera simult\u00e1nea, en nueve ciudades del Ecuador se realizar\u00e1 la \u201cCaminata por la Lactancia Materna: Unidos Contra la Desnutrici\u00f3n\u201d, actividad que promueve la protecci\u00f3n de la lactancia materna en ni\u00f1os menores de seis meses y as\u00ed prevenir la desnutrici\u00f3n cr\u00f3nica infantil.<\/p>\n<p>Las caminatas simult\u00e1neas se las realizan en el marco del D\u00eda Mundial de la Lactancia Materna que se celebra el 21 de mayo, para incentivar a las familias a proteger este acto de amor y vida. En estos espacios tambi\u00e9n se desarrollar\u00e1n ferias de servicios de varias instituciones del Gobierno Nacional y de gobiernos locales.<\/p>\n<p>Esta actividad es organizada por la Secretar\u00eda T\u00e9cnica Ecuador Crece Sin Desnutrici\u00f3n Infantil con el apoyo del Ministerio del Deporte, Ministerio de Salud, Ministerio de Inclusi\u00f3n Econ\u00f3mica y Social, y otras instituciones que estar\u00e1n presenten en una feria de servicios.<\/p>\n<p>Las caminatas iniciar\u00e1n desde las 08h30 tomando como puntos de partida: en Quito, Parque Cuscungo; en Guayaquil, Avenida Paseo del Parque Samanes; en Guaranda, Parque 9 de Octubre; en Esmeraldas, Parque Infantil Roberto Luis Cervantes; en Machala, Parque Ismael P\u00e9rez Pazmi\u00f1o; en Puyo en Parque Central 12 de Mayo; en Santo Domingo, Parque Central Zaracay; en Macas en Unidad Educativa Particular Emanuel y en el Tena en Almacenes T\u00eda Tena.<\/p>\n<p>La lactancia materna es un compromiso de toda la familia, del personal de salud, de los empleadores, de los medios de comunicaci\u00f3n y de la sociedad en general. Por ello se hace una invitaci\u00f3n a todas familias de las distintas ciudades del pa\u00eds donde se realizar\u00e1n estas caminatas, para promover la lactancia materna y luchar contra la desnutrici\u00f3n cr\u00f3nica infantil.<\/p>\n<p>De acuerdo con un diagn\u00f3stico presentado por la Organizaci\u00f3n Panamericana de Salud (OPS), en el marco de la ejecuci\u00f3n de la Estrategia Ecuador Crece Sin Desnutrici\u00f3n Infantil a diciembre de 2022, en el pa\u00eds el 40.8% de mujeres embarazadas o madres conoce sobre la importancia de la lactancia materna.<\/p>\n<p><strong>Ciudades y lugares<\/strong><br \/>\n<strong>Quito:<\/strong><br \/>\nParque Cuscungo. Mariano Hinojosa y Autopista General Rumi\u00f1ahui, sector Monjas.<\/p>\n<p><strong>Guayaquil:<\/strong><br \/>\nDesde la Avenida Paseo del Parque Samanes hasta La altura del Coliseo Polideportivo en Parque Samanes.<\/p>\n<p><strong>Guaranda:<\/strong><br \/>\nDesde: Parque 9 de Octubre hasta la Plaza Roja.<\/p>\n<p><strong>Puyo:<\/strong><br \/>\nDesde Plaza 12 de Mayo hasta Plazoleta M\u00e9xico (Bajos del GADM cant\u00f3n Puyo).<\/p>\n<p><strong>Santo Domingo:<\/strong><br \/>\nDesde: Parque Central Zaracay Hasta: Parque Jel\u00e9n Tenka sector de las letras<\/p>\n<p><strong>Esmeraldas:<\/strong><br \/>\nDesde: Parque Infantil Roberto Luis Cervantes hasta Plaza C\u00edvica Nelson Estupi\u00f1\u00e1n Bass.<\/p>\n<p><strong>Machala:<\/strong><br \/>\nDesde: Parque Ismael P\u00e9rez Pazmi\u00f1o y finaliza en el Parque Col\u00f3n.<\/p>\n<p><strong>Macas:<\/strong><br \/>\nDesde Unidad Educativa Particular Emanuel hasta Parque C\u00edvico de Macas.<\/p>\n<p><strong>Tena:<\/strong><br \/>\nDesde: Almacenes T\u00eda Tena hasta Plaza C\u00edvica Tena.<\/p>\n","protected":false},"excerpt":{"rendered":"<p>Guayaquil.- El pr\u00f3ximo 18 de mayo, de manera simult\u00e1nea, en nueve ciudades del Ecuador se realizar\u00e1 la \u201cCaminata por la Lactancia Materna: Unidos Contra la Desnutrici\u00f3n\u201d, actividad que promueve la protecci\u00f3n de la lactancia materna en ni\u00f1os menores de seis meses y as\u00ed prevenir la desnutrici\u00f3n cr\u00f3nica infantil. Las caminatas simult\u00e1neas se las realizan en [&hellip;]<\/p>\n","protected":false},"author":2,"featured_media":14124,"comment_status":"open","ping_status":"closed","sticky":false,"template":"","format":"standard","meta":{"_jetpack_memberships_contains_paid_content":false,"footnotes":""},"categories":[13],"tags":[2344,2346,2345],"class_list":["post-14121","post","type-post","status-publish","format-standard","has-post-thumbnail","hentry","category-noticias-nacionales","tag-caminata-por-la-lactancia-materna","tag-organizacion-panamericana-de-salud","tag-unidos-contra-la-desnutricion"],"jetpack_featured_media_url":"https:\/\/radiocresatelital.com\/wp-content\/uploads\/2024\/05\/eb41d46a-b7a5-432f-9be4-6dec62af5f47.jpg","jetpack_sharing_enabled":true,"_links":{"self":[{"href":"https:\/\/radiocresatelital.com\/index.php?rest_route=\/wp\/v2\/posts\/14121","targetHints":{"allow":["GET"]}}],"collection":[{"href":"https:\/\/radiocresatelital.com\/index.php?rest_route=\/wp\/v2\/posts"}],"about":[{"href":"https:\/\/radiocresatelital.com\/index.php?rest_route=\/wp\/v2\/types\/post"}],"author":[{"embeddable":true,"href":"https:\/\/radiocresatelital.com\/index.php?rest_route=\/wp\/v2\/users\/2"}],"replies":[{"embeddable":true,"href":"https:\/\/radiocresatelital.com\/index.php?rest_route=%2Fwp%2Fv2%2Fcomments&post=14121"}],"version-history":[{"count":1,"href":"https:\/\/radiocresatelital.com\/index.php?rest_route=\/wp\/v2\/posts\/14121\/revisions"}],"predecessor-version":[{"id":14123,"href":"https:\/\/radiocresatelital.com\/index.php?rest_route=\/wp\/v2\/posts\/14121\/revisions\/14123"}],"wp:featuredmedia":[{"embeddable":true,"href":"https:\/\/radiocresatelital.com\/index.php?rest_route=\/wp\/v2\/media\/14124"}],"wp:attachment":[{"href":"https:\/\/radiocresatelital.com\/index.php?rest_route=%2Fwp%2Fv2%2Fmedia&parent=14121"}],"wp:term":[{"taxonomy":"category","embeddable":true,"href":"https:\/\/radiocresatelital.com\/index.php?rest_route=%2Fwp%2Fv2%2Fcategories&post=14121"},{"taxonomy":"post_tag","embeddable":true,"href":"https:\/\/radiocresatelital.com\/index.php?rest_route=%2Fwp%2Fv2%2Ftags&post=14121"}],"curies":[{"name":"wp","href":"https:\/\/api.w.org\/{rel}","templated":true}]}}