{"id":14017,"date":"2024-05-16T21:47:57","date_gmt":"2024-05-16T21:47:57","guid":{"rendered":"https:\/\/radiocresatelital.com\/?p=14017"},"modified":"2024-05-16T21:47:57","modified_gmt":"2024-05-16T21:47:57","slug":"gobernador-vicente-auad-impulsa-desarrollo-y-seguridad-en-naranjal","status":"publish","type":"post","link":"https:\/\/radiocresatelital.com\/?p=14017","title":{"rendered":"Gobernador Vicente Auad impulsa desarrollo y seguridad en Naranjal"},"content":{"rendered":"<p>Naranjal.- Bajo el liderazgo del Gobernador Vicente Auad y en conjunto con el alcalde Juan Carlos Rivera, se desarroll\u00f3 la mesa de seguridad en Naranjal, donde particip\u00f3 las Fuerzas Armadas y la Polic\u00eda Nacional, un firme paso hacia la protecci\u00f3n y tranquilidad de nuestros ciudadanos.<\/p>\n<p>\u201cEn conformidad con el llamado del presidente de la Rep\u00fablica, nos comprometemos a involucrarnos activamente en la b\u00fasqueda de soluciones integrales que generen paz y seguridad en nuestra provincia. Juntos, trabajamos incansablemente para garantizar un entorno seguro y pr\u00f3spero para todos los naranjale\u00f1os.\u201d, enfatiz\u00f3 el Gobernador del Guayas.<\/p>\n<p>As\u00ed mismo particip\u00f3 en la Brigada Social \u201cPor un Nuevo Ecuador\u201d organizada por el MIES, donde 600 ciudadanos se beneficiaron de los servicios brindados por el Ministerio de Salud, CNT, CNEL, Polic\u00eda Nacional, Registro Civil, Infancia crece sin desnutrici\u00f3n, Agricultura, Educaci\u00f3n, Bomberos y m\u00e1s. Actividad que refleja el compromiso del Gobernador<br \/>\nAuad con las iniciativas sociales que benefician a los ciudadanos m\u00e1s vulnerables.<\/p>\n<p>La agenda del Gobernador tambi\u00e9n incluy\u00f3 la verificaci\u00f3n de los servicios p\u00fablicos en el Hospital B\u00e1sico Naranjal, con el objetivo de evaluar la calidad de la atenci\u00f3n m\u00e9dica disponible para los ciudadanos. \u00abEs fundamental garantizar servicios de salud de calidad para todos\u00bb, afirm\u00f3 Auad durante su visita.<\/p>\n<p>La jornada concluy\u00f3 con un encuentro con la Polic\u00eda Nacional en el peaje, donde el Gobernador Vicente Auad particip\u00f3 de la entrega de patrulleros a la Polic\u00eda Nacional por parte de la Prefectura del Guayas.<\/p>\n","protected":false},"excerpt":{"rendered":"<p>Naranjal.- Bajo el liderazgo del Gobernador Vicente Auad y en conjunto con el alcalde Juan Carlos Rivera, se desarroll\u00f3 la mesa de seguridad en Naranjal, donde particip\u00f3 las Fuerzas Armadas y la Polic\u00eda Nacional, un firme paso hacia la protecci\u00f3n y tranquilidad de nuestros ciudadanos. \u201cEn conformidad con el llamado del presidente de la Rep\u00fablica, [&hellip;]<\/p>\n","protected":false},"author":2,"featured_media":14018,"comment_status":"open","ping_status":"closed","sticky":false,"template":"","format":"standard","meta":{"_jetpack_memberships_contains_paid_content":false,"footnotes":""},"categories":[33,13],"tags":[1370,2212],"class_list":["post-14017","post","type-post","status-publish","format-standard","has-post-thumbnail","hentry","category-guayaquil","category-noticias-nacionales","tag-gobernador-del-guayas","tag-vicente-auad"],"jetpack_featured_media_url":"https:\/\/radiocresatelital.com\/wp-content\/uploads\/2024\/05\/1ed2bece-18a5-4264-a953-ca2740583c70.jpeg","jetpack_sharing_enabled":true,"_links":{"self":[{"href":"https:\/\/radiocresatelital.com\/index.php?rest_route=\/wp\/v2\/posts\/14017","targetHints":{"allow":["GET"]}}],"collection":[{"href":"https:\/\/radiocresatelital.com\/index.php?rest_route=\/wp\/v2\/posts"}],"about":[{"href":"https:\/\/radiocresatelital.com\/index.php?rest_route=\/wp\/v2\/types\/post"}],"author":[{"embeddable":true,"href":"https:\/\/radiocresatelital.com\/index.php?rest_route=\/wp\/v2\/users\/2"}],"replies":[{"embeddable":true,"href":"https:\/\/radiocresatelital.com\/index.php?rest_route=%2Fwp%2Fv2%2Fcomments&post=14017"}],"version-history":[{"count":1,"href":"https:\/\/radiocresatelital.com\/index.php?rest_route=\/wp\/v2\/posts\/14017\/revisions"}],"predecessor-version":[{"id":14019,"href":"https:\/\/radiocresatelital.com\/index.php?rest_route=\/wp\/v2\/posts\/14017\/revisions\/14019"}],"wp:featuredmedia":[{"embeddable":true,"href":"https:\/\/radiocresatelital.com\/index.php?rest_route=\/wp\/v2\/media\/14018"}],"wp:attachment":[{"href":"https:\/\/radiocresatelital.com\/index.php?rest_route=%2Fwp%2Fv2%2Fmedia&parent=14017"}],"wp:term":[{"taxonomy":"category","embeddable":true,"href":"https:\/\/radiocresatelital.com\/index.php?rest_route=%2Fwp%2Fv2%2Fcategories&post=14017"},{"taxonomy":"post_tag","embeddable":true,"href":"https:\/\/radiocresatelital.com\/index.php?rest_route=%2Fwp%2Fv2%2Ftags&post=14017"}],"curies":[{"name":"wp","href":"https:\/\/api.w.org\/{rel}","templated":true}]}}