{"id":14002,"date":"2024-05-16T20:57:15","date_gmt":"2024-05-16T20:57:15","guid":{"rendered":"https:\/\/radiocresatelital.com\/?p=14002"},"modified":"2024-05-16T20:57:15","modified_gmt":"2024-05-16T20:57:15","slug":"tecnico-de-francia-da-a-conocer-lista-de-los-blues-para-eurocopa-2024","status":"publish","type":"post","link":"https:\/\/radiocresatelital.com\/?p=14002","title":{"rendered":"T\u00e9cnico de Francia da a conocer lista de los Blues para Eurocopa 2024"},"content":{"rendered":"<p>Par\u00eds.- Didier Deschamps actual t\u00e9cnico de Francia ha dado la sorpresa por la inclusi\u00f3n del mediocampista N&#8217;Golo Kant\u00e9 entre los 25 convocados con los que los \u00abBleus\u00bb disputar\u00e1n la Eurocopa 2024 prevista en Alemania del 14 de junio al 14 de julio.<\/p>\n<p>Kant\u00e9, de 33 a\u00f1os y mediocampista del Al-Ittihad saudita, fue campe\u00f3n mundial con Francia en Rusia 2018 y fue incluido en la convocatoria con el juvenil delantero Bradley Barcola (21), jugador del Par\u00eds Saint-Germain.<\/p>\n<p>Deschamps tambi\u00e9n cit\u00f3 a Kingsley Coman, delantero del Bayern M\u00fanich, y a Aur\u00e9lien Tchouam\u00e9ni, mediocampista del Real Madrid, ambos recientemente recuperados de sendas lesiones.<\/p>\n<p>Lista de convocados por Francia, que compartir\u00e1 el Grupo D de la Eurocopa 2024 con Austria, Polonia y Pa\u00edses Bajos.<\/p>\n<p>Arqueros: Alphonse Areola (5 partidos\/0 gol), Mike Maignan (14\/0) y Brice Samba (3\/0).<\/p>\n<p>Defensores: Jonathan Clauss (12\/1), Theo Hernandez (25\/2), Ibrahima Konat\u00e9 (14\/0), Jules Kound\u00e9 (26\/0), Ferland Mendy (9\/0), Benjamin Pavard (53\/5), William Saliba (13\/0) y Dayot Upamecano (18\/2).<\/p>\n<p>Mediocampistas: Eduardo Camavinga (15\/1), Youssouf Fofana (17\/3), Adrien Rabiot (43\/4), Aur\u00e9lien Tchouam\u00e9ni (31\/3), Warren Zaire-Emery (2\/1), N&#8217;Golo Kant\u00e9 (53\/2 ) y Antoine Griezmann (127\/44).<\/p>\n<p>Delanteros: Bradley Barcola (0\/0), Kingsley Coman (55\/8), Ousmane Dembel\u00e9 (43\/5), Olivier Giroud (131\/57), Randal Kolo Muani (15\/3), Kylian Mbapp\u00e9 (77\/46) y Marcus Thuram (18\/2).<\/p>\n","protected":false},"excerpt":{"rendered":"<p>Par\u00eds.- Didier Deschamps actual t\u00e9cnico de Francia ha dado la sorpresa por la inclusi\u00f3n del mediocampista N&#8217;Golo Kant\u00e9 entre los 25 convocados con los que los \u00abBleus\u00bb disputar\u00e1n la Eurocopa 2024 prevista en Alemania del 14 de junio al 14 de julio. Kant\u00e9, de 33 a\u00f1os y mediocampista del Al-Ittihad saudita, fue campe\u00f3n mundial con [&hellip;]<\/p>\n","protected":false},"author":2,"featured_media":14003,"comment_status":"open","ping_status":"closed","sticky":false,"template":"","format":"standard","meta":{"_jetpack_memberships_contains_paid_content":false,"footnotes":""},"categories":[1049,7],"tags":[2314,2313],"class_list":["post-14002","post","type-post","status-publish","format-standard","has-post-thumbnail","hentry","category-eurocopa-2024","category-futbol-internacional","tag-didier-deschamps","tag-seleccion-de-francia"],"jetpack_featured_media_url":"https:\/\/radiocresatelital.com\/wp-content\/uploads\/2024\/05\/Didier-Deschamps.webp","jetpack_sharing_enabled":true,"_links":{"self":[{"href":"https:\/\/radiocresatelital.com\/index.php?rest_route=\/wp\/v2\/posts\/14002","targetHints":{"allow":["GET"]}}],"collection":[{"href":"https:\/\/radiocresatelital.com\/index.php?rest_route=\/wp\/v2\/posts"}],"about":[{"href":"https:\/\/radiocresatelital.com\/index.php?rest_route=\/wp\/v2\/types\/post"}],"author":[{"embeddable":true,"href":"https:\/\/radiocresatelital.com\/index.php?rest_route=\/wp\/v2\/users\/2"}],"replies":[{"embeddable":true,"href":"https:\/\/radiocresatelital.com\/index.php?rest_route=%2Fwp%2Fv2%2Fcomments&post=14002"}],"version-history":[{"count":1,"href":"https:\/\/radiocresatelital.com\/index.php?rest_route=\/wp\/v2\/posts\/14002\/revisions"}],"predecessor-version":[{"id":14004,"href":"https:\/\/radiocresatelital.com\/index.php?rest_route=\/wp\/v2\/posts\/14002\/revisions\/14004"}],"wp:featuredmedia":[{"embeddable":true,"href":"https:\/\/radiocresatelital.com\/index.php?rest_route=\/wp\/v2\/media\/14003"}],"wp:attachment":[{"href":"https:\/\/radiocresatelital.com\/index.php?rest_route=%2Fwp%2Fv2%2Fmedia&parent=14002"}],"wp:term":[{"taxonomy":"category","embeddable":true,"href":"https:\/\/radiocresatelital.com\/index.php?rest_route=%2Fwp%2Fv2%2Fcategories&post=14002"},{"taxonomy":"post_tag","embeddable":true,"href":"https:\/\/radiocresatelital.com\/index.php?rest_route=%2Fwp%2Fv2%2Ftags&post=14002"}],"curies":[{"name":"wp","href":"https:\/\/api.w.org\/{rel}","templated":true}]}}