{"id":140,"date":"2023-06-20T18:35:33","date_gmt":"2023-06-20T18:35:33","guid":{"rendered":"https:\/\/radiocresatelital.com\/?p=140"},"modified":"2023-06-20T18:37:34","modified_gmt":"2023-06-20T18:37:34","slug":"estamos-felices-de-anunciar-oficialmente-la-fecha-de-apertura-y-final-de-la-conmebol-copa-america-2024-alejandro-dominguez","status":"publish","type":"post","link":"https:\/\/radiocresatelital.com\/?p=140","title":{"rendered":"Estamos felices de anunciar oficialmente la fecha de apertura y final de la Conmebol Copa Am\u00e9rica 2024, Alejandro Dom\u00ednguez"},"content":{"rendered":"<p class=\"prose-text\">Asunci\u00f3n.-\u00a0 La Copa Am\u00e9rica que se realizar\u00e1 en el 2024 se entrenar\u00e1 el 20 de junio del pr\u00f3ximo a\u00f1o en Estados Unidos y la misma finalizar\u00e1 el 14 de julio, as\u00ed lo ha dado a conocer el rector del f\u00fatbol sudamericano\u00a0 que sell\u00f3 un acuerdo de colaboraci\u00f3n con la Concacaf que permitir\u00e1 la participaci\u00f3n en este torneo de 10 selecciones sudamericanas y seis invitadas de Norteam\u00e9rica, Centroam\u00e9rica y el Caribe.<\/p>\n<div class=\"inline-element related related-posts bg-silver-50 px-2 rounded\">\n<div class=\"card | card-xs story flex flex-row space-x-2 items-center py-2 w-full border-b \">\n<div class=\"card-content | \">\n<div class=\"flex space-x-1\">\u201cEstamos felices de anunciar oficialmente la fecha de apertura y final de la Conmebol Copa Am\u00e9rica 2024, una nueva edici\u00f3n en la que invitaremos a la celebraci\u00f3n y a vivir la pasi\u00f3n que esta competici\u00f3n nos hace sentir\u201d, indic\u00f3 el presidente de la Confederaci\u00f3n Sudamericana de F\u00fatbol (Conmebol), Alejandro Dom\u00ednguez, en un comunicado.<\/div>\n<\/div>\n<\/div>\n<\/div>\n<p class=\"prose-text\">La Conmebol, con sede en la ciudad paraguaya de Luque y que agrupa a diez federaciones de f\u00fatbol de Sudam\u00e9rica, dio a conocer las fechas del certamen cuando falta un a\u00f1o para la competencia que se desarrollar\u00e1 durante 25 d\u00edas.<\/p>\n<p class=\"prose-text\">El organismo rector del f\u00fatbol en Sudam\u00e9rica indic\u00f3 que, junto a la Concacaf, est\u00e1 en el proceso de selecci\u00f3n de las ciudades y estadios donde se celebrar\u00e1 la Copa Am\u00e9rica.<\/p>\n<p class=\"prose-text\">\u201cLas sedes ser\u00e1n anunciadas pr\u00f3ximamente, as\u00ed como el calendario de la competencia\u201d, a\u00f1adi\u00f3 la nota, publicada en la web del torneo.<\/p>\n<div class=\"inline-element\">\n<div>\n<div id=\"active-campaing-form-marcador\">\n<div class=\"tp-container-inner\">La edici\u00f3n n\u00famero 48 de esta competici\u00f3n reunir\u00e1 por segunda vez en su historia a 16 seleccionados nacionales, tal como ya ocurri\u00f3 en 2016, cuando Estados Unidos fue tambi\u00e9n sede de la copa continental.<\/div>\n<\/div>\n<\/div>\n<\/div>\n<p class=\"prose-text\">De la Liga de Naciones de la Concacaf, en la que participan las 41 selecciones, saldr\u00e1n los seis representantes de Norteam\u00e9rica, Centroam\u00e9rica y el Caribe.<\/p>\n","protected":false},"excerpt":{"rendered":"<p>Asunci\u00f3n.-\u00a0 La Copa Am\u00e9rica que se realizar\u00e1 en el 2024 se entrenar\u00e1 el 20 de junio del pr\u00f3ximo a\u00f1o en Estados Unidos y la misma finalizar\u00e1 el 14 de julio, as\u00ed lo ha dado a conocer el rector del f\u00fatbol sudamericano\u00a0 que sell\u00f3 un acuerdo de colaboraci\u00f3n con la Concacaf que permitir\u00e1 la participaci\u00f3n en [&hellip;]<\/p>\n","protected":false},"author":2,"featured_media":141,"comment_status":"open","ping_status":"closed","sticky":false,"template":"","format":"standard","meta":{"_jetpack_memberships_contains_paid_content":false,"footnotes":""},"categories":[29],"tags":[30],"class_list":["post-140","post","type-post","status-publish","format-standard","has-post-thumbnail","hentry","category-copa-america-2024","tag-copa-america"],"jetpack_featured_media_url":"https:\/\/radiocresatelital.com\/wp-content\/uploads\/2023\/06\/5cd1fcb57d473.jpeg","jetpack_sharing_enabled":true,"_links":{"self":[{"href":"https:\/\/radiocresatelital.com\/index.php?rest_route=\/wp\/v2\/posts\/140","targetHints":{"allow":["GET"]}}],"collection":[{"href":"https:\/\/radiocresatelital.com\/index.php?rest_route=\/wp\/v2\/posts"}],"about":[{"href":"https:\/\/radiocresatelital.com\/index.php?rest_route=\/wp\/v2\/types\/post"}],"author":[{"embeddable":true,"href":"https:\/\/radiocresatelital.com\/index.php?rest_route=\/wp\/v2\/users\/2"}],"replies":[{"embeddable":true,"href":"https:\/\/radiocresatelital.com\/index.php?rest_route=%2Fwp%2Fv2%2Fcomments&post=140"}],"version-history":[{"count":2,"href":"https:\/\/radiocresatelital.com\/index.php?rest_route=\/wp\/v2\/posts\/140\/revisions"}],"predecessor-version":[{"id":143,"href":"https:\/\/radiocresatelital.com\/index.php?rest_route=\/wp\/v2\/posts\/140\/revisions\/143"}],"wp:featuredmedia":[{"embeddable":true,"href":"https:\/\/radiocresatelital.com\/index.php?rest_route=\/wp\/v2\/media\/141"}],"wp:attachment":[{"href":"https:\/\/radiocresatelital.com\/index.php?rest_route=%2Fwp%2Fv2%2Fmedia&parent=140"}],"wp:term":[{"taxonomy":"category","embeddable":true,"href":"https:\/\/radiocresatelital.com\/index.php?rest_route=%2Fwp%2Fv2%2Fcategories&post=140"},{"taxonomy":"post_tag","embeddable":true,"href":"https:\/\/radiocresatelital.com\/index.php?rest_route=%2Fwp%2Fv2%2Ftags&post=140"}],"curies":[{"name":"wp","href":"https:\/\/api.w.org\/{rel}","templated":true}]}}