{"id":13993,"date":"2024-05-16T20:21:02","date_gmt":"2024-05-16T20:21:02","guid":{"rendered":"https:\/\/radiocresatelital.com\/?p=13993"},"modified":"2024-05-16T20:21:02","modified_gmt":"2024-05-16T20:21:02","slug":"presidente-daniel-noboa-insta-a-la-cooperacion-global-en-la-lucha-contra-el-narcoterrorismo-y-aborda-desafios-politicos-internos","status":"publish","type":"post","link":"https:\/\/radiocresatelital.com\/?p=13993","title":{"rendered":"Presidente Daniel Noboa insta a la cooperaci\u00f3n global en la lucha contra el narcoterrorismo y aborda desaf\u00edos pol\u00edticos internos"},"content":{"rendered":"<p>Paris.- Durante una entrevista con la agencia AFP en Francia, el presidente de la Rep\u00fablica del Ecuador, Daniel Noboa Azin, dio a conocer a la comunidad internacional algunas de las principales transformaciones que emprende su gobierno para construir el Nuevo Ecuador en asuntos como seguridad, empleo, pol\u00edtica, entre otros.<\/p>\n<p><strong>La cooperaci\u00f3n internacional es fundamental en la lucha contra el narcotr\u00e1fico<\/strong><br \/>\nDaniel Noboa inici\u00f3 su di\u00e1logo haciendo hincapi\u00e9 en la necesidad de abordar el problema del narcotr\u00e1fico como una cuesti\u00f3n global. \u00abNo es problema de un solo pa\u00eds (\u2026). La regi\u00f3n entera est\u00e1 sumergida en narcotr\u00e1fico y violencia. Parte de esa violencia ya se est\u00e1 viendo en Europa\u00bb, se\u00f1al\u00f3 el Primer Mandatario. Por lo que hizo un llamado global para aunar esfuerzos contra este flagelo e impulsar un combate global.<\/p>\n<p>En ese sentido, inform\u00f3 que el 40 % de la droga que sale del Ecuador es distribuida a Estados Unidos, otro 40 % a Europa y el 20 % restante se reparte entre Medio Oriente, Rusia y Asia.<\/p>\n<p>Consecuentemente, resalt\u00f3 la importancia de implementar medidas concretas fundamentales como el control de las fronteras. Ecuador presta especial atenci\u00f3n en estas zonas, sobre todo desde la provincia de El Oro hacia Per\u00fa por la cantidad de violencia en esta \u00e1rea y por la migraci\u00f3n irregular, con riesgo de tr\u00e1fico de personas. Estas problem\u00e1ticas utilizan las mismas o similares rutas que el tr\u00e1fico de drogas.<\/p>\n<p>Noboa tambi\u00e9n destac\u00f3 la importancia de enfrentar tanto las causas de seguridad, as\u00ed como su abordaje desde lo social para atacar esta problem\u00e1tica. \u00abGran parte de la soluci\u00f3n no es solo de defensa o seguridad, tambi\u00e9n implica resolver temas sociales\u00bb, dijo, se\u00f1alando que el alto nivel de desempleo juvenil es una de las principales y m\u00e1s importantes preocupaciones por las que trabaja su administraci\u00f3n.<\/p>\n<p>\u201cLa ayuda no es solo darnos un fusil o una pistola, es ayudarnos con becas para j\u00f3venes de 18 a\u00f1os que no tienen la oportunidad de estudiar; invertir en el Ecuador, en las zonas de desarrollo, para que haya empleo; implementar programas de vivienda digna que generan empleo en la construcci\u00f3n y tambi\u00e9n mejoran la vida de la familia\u201d, sostuvo. Por ejemplo, en este sentido, recientemente su gobierno anunci\u00f3 cooperaci\u00f3n con Israel mediante un acuerdo que generar\u00e1 25.000 empleos circulares en esta naci\u00f3n para los j\u00f3venes de las zonas m\u00e1s violentas del Ecuador.<\/p>\n<p><strong>Relaciones diplom\u00e1ticas con M\u00e9xico<\/strong><br \/>\nEn cuanto a la situaci\u00f3n con M\u00e9xico, el Presidente expres\u00f3 su disposici\u00f3n a mantener un di\u00e1logo fluido y de paz, precisamente para luchar de manera integral contra el narcotr\u00e1fico, pues este es un problema global que requiere intervenci\u00f3n desde varias naciones del mundo. Sin embargo, lament\u00f3 la posici\u00f3n de M\u00e9xico de no dialogar sin la entrega de un criminal ecuatoriano, lo que implica intervenci\u00f3n en asuntos nacionales.<\/p>\n<p>En ese sentido, el Presidente resalt\u00f3 la importancia de relaciones basadas en la cooperaci\u00f3n mutua y no en condiciones unilaterales. \u00abNo me parece adecuado que la \u00fanica condici\u00f3n y forma de volver a establecer una relaci\u00f3n con M\u00e9xico es d\u00e1ndoles a un criminal [que cumple una sentencia]\u00bb.<\/p>\n<p><strong>Desaf\u00edos pol\u00edticos internos<\/strong><br \/>\nNoboa tambi\u00e9n abord\u00f3 los desaf\u00edos pol\u00edticos internos, incluyendo ataques personales. \u00abCuando est\u00e1s buscando hacer cambios estructurales, te sacan por todos lados, especialmente cuando est\u00e1s haciendo investigaciones y cambiando temas muy sensibles\u00bb, expres\u00f3.<\/p>\n<p>Respecto a acuerdos con otros grupos pol\u00edticos se\u00f1al\u00f3 que una cosa es pactar por intereses particulares y otra cosa es hacer mayor\u00eda en la Asamblea Nacional en beneficio del pueblo ecuatoriano: \u201cpara eso siempre estaremos abiertos\u201d. El Jefe de Estado indic\u00f3 que por ahora la prioridad es que el Legislativo implemente la parte normativa de las reformas a las leyes que<br \/>\nfueron aprobadas recientemente por mandato popular.<\/p>\n<p>En relaci\u00f3n con su posible reelecci\u00f3n, se\u00f1al\u00f3 la importancia de la continuidad de los proyectos que encaminan al Nuevo Ecuador, pues 18 meses de administraci\u00f3n es un tiempo muy corto para generar los cambios profundos que se necesitan en el pa\u00eds. No obstante, recalc\u00f3 que \u201chemos mejorado: en empleo juvenil hemos creado 105.000 empleos j\u00f3venes, entre 18 y<br \/>\n29 a\u00f1os, en cinco meses; nuestros indicadores econ\u00f3micos est\u00e1n mucho mejor que en 2023; exportamos, m\u00e1s recaudamos m\u00e1s, hay mayor funcionamiento. Hemos bajado el riesgo pa\u00eds de 2.400 a 1.100, pero falta todav\u00eda cosas por hacer\u201d.<\/p>\n<p><strong>Paralizaci\u00f3n de actividades en el Yasuni ITT<\/strong><br \/>\nTras el mandato popular, Noboa se\u00f1al\u00f3 que se estableci\u00f3 un cronograma para proceder con el cierre de las operaciones del bloque petrolero Ishpingo, Tambococha, Tiputini (ITT), ubicado en el Yasun\u00ed. \u201cLas operaciones e infraestructura poco a poco deben irse desmantelando, pero asimismo tenemos que encontrar actividad econ\u00f3mica\u201d, pues representaban ingresos tanto para pobladores que trabajaban en el lugar, como para el Estado ecuatoriano por lo que es una operaci\u00f3n compleja que requiere tiempo.<\/p>\n<p><strong>Reuni\u00f3n con el presidente Macron<\/strong><br \/>\nEl presidente Noboa se\u00f1al\u00f3 que la intenci\u00f3n de dialogar con su hom\u00f3logo franc\u00e9s, Emmanuel Macron, es abordar temas respecto a la energ\u00eda renovable y cambio clim\u00e1tico, as\u00ed como seguridad, temas de inter\u00e9s para ambas naciones. La reuni\u00f3n se efectuar\u00e1 en las pr\u00f3ximas horas, como parte de su agenda en Francia.<\/p>\n","protected":false},"excerpt":{"rendered":"<p>Paris.- Durante una entrevista con la agencia AFP en Francia, el presidente de la Rep\u00fablica del Ecuador, Daniel Noboa Azin, dio a conocer a la comunidad internacional algunas de las principales transformaciones que emprende su gobierno para construir el Nuevo Ecuador en asuntos como seguridad, empleo, pol\u00edtica, entre otros. La cooperaci\u00f3n internacional es fundamental en [&hellip;]<\/p>\n","protected":false},"author":2,"featured_media":13994,"comment_status":"open","ping_status":"closed","sticky":false,"template":"","format":"standard","meta":{"_jetpack_memberships_contains_paid_content":false,"footnotes":""},"categories":[13],"tags":[1322],"class_list":["post-13993","post","type-post","status-publish","format-standard","has-post-thumbnail","hentry","category-noticias-nacionales","tag-presidente-daniel-noboa"],"jetpack_featured_media_url":"https:\/\/radiocresatelital.com\/wp-content\/uploads\/2024\/05\/53725995499_d26eaa9ae6_c.jpg","jetpack_sharing_enabled":true,"_links":{"self":[{"href":"https:\/\/radiocresatelital.com\/index.php?rest_route=\/wp\/v2\/posts\/13993","targetHints":{"allow":["GET"]}}],"collection":[{"href":"https:\/\/radiocresatelital.com\/index.php?rest_route=\/wp\/v2\/posts"}],"about":[{"href":"https:\/\/radiocresatelital.com\/index.php?rest_route=\/wp\/v2\/types\/post"}],"author":[{"embeddable":true,"href":"https:\/\/radiocresatelital.com\/index.php?rest_route=\/wp\/v2\/users\/2"}],"replies":[{"embeddable":true,"href":"https:\/\/radiocresatelital.com\/index.php?rest_route=%2Fwp%2Fv2%2Fcomments&post=13993"}],"version-history":[{"count":1,"href":"https:\/\/radiocresatelital.com\/index.php?rest_route=\/wp\/v2\/posts\/13993\/revisions"}],"predecessor-version":[{"id":13995,"href":"https:\/\/radiocresatelital.com\/index.php?rest_route=\/wp\/v2\/posts\/13993\/revisions\/13995"}],"wp:featuredmedia":[{"embeddable":true,"href":"https:\/\/radiocresatelital.com\/index.php?rest_route=\/wp\/v2\/media\/13994"}],"wp:attachment":[{"href":"https:\/\/radiocresatelital.com\/index.php?rest_route=%2Fwp%2Fv2%2Fmedia&parent=13993"}],"wp:term":[{"taxonomy":"category","embeddable":true,"href":"https:\/\/radiocresatelital.com\/index.php?rest_route=%2Fwp%2Fv2%2Fcategories&post=13993"},{"taxonomy":"post_tag","embeddable":true,"href":"https:\/\/radiocresatelital.com\/index.php?rest_route=%2Fwp%2Fv2%2Ftags&post=13993"}],"curies":[{"name":"wp","href":"https:\/\/api.w.org\/{rel}","templated":true}]}}