{"id":13930,"date":"2024-05-15T17:03:38","date_gmt":"2024-05-15T17:03:38","guid":{"rendered":"https:\/\/radiocresatelital.com\/?p=13930"},"modified":"2024-05-15T17:03:38","modified_gmt":"2024-05-15T17:03:38","slug":"freddy-carrion-libre","status":"publish","type":"post","link":"https:\/\/radiocresatelital.com\/?p=13930","title":{"rendered":"Freddy Carri\u00f3n libre"},"content":{"rendered":"<p>Quito.-El ex defensor del Pueblo, Freddy Carri\u00f3n, recuper\u00f3 su libertad, luego de cumplir 3 a\u00f1os de prisi\u00f3n, acusado de abusar sexualmente de la esposa del ex Ministro de Salud, Mauro Falcon\u00ed, en un incidente que se hizo p\u00fablico, por videos donde constaban licor, escenas violentas y desorden en pleno estado de excepci\u00f3n y toque de queda, en la \u00e9poca de confinamiento por el COVID.<\/p>\n<p>\u00abLuego de 3 a\u00f1os de una injusticia cruel, soy una person inocente, que tuvieron\u00a0 detenida con prisi\u00f3n preventiva, sin una sentencia ejecutoriada, dijo Freddy Carri\u00f3n al quedar libre.<\/p>\n<p>Afirm\u00f3 que seguir\u00e1 luchando por obtener justicia. Su esposa, Priscila Schetinni, ha estado junto a \u00e9l todo el proceso, hasta hoy que recuper\u00f3 su libertad.<\/p>\n<p>&nbsp;<\/p>\n<div style=\"width: 640px;\" class=\"wp-video\"><video class=\"wp-video-shortcode\" id=\"video-13930-1\" width=\"640\" height=\"374\" preload=\"metadata\" controls=\"controls\"><source type=\"video\/mp4\" src=\"https:\/\/radiocresatelital.com\/wp-content\/uploads\/2024\/05\/WhatsApp-Video-2024-05-15-at-11.28.47-AM.mp4?_=1\" \/><a href=\"https:\/\/radiocresatelital.com\/wp-content\/uploads\/2024\/05\/WhatsApp-Video-2024-05-15-at-11.28.47-AM.mp4\">https:\/\/radiocresatelital.com\/wp-content\/uploads\/2024\/05\/WhatsApp-Video-2024-05-15-at-11.28.47-AM.mp4<\/a><\/video><\/div>\n","protected":false},"excerpt":{"rendered":"<p>Quito.-El ex defensor del Pueblo, Freddy Carri\u00f3n, recuper\u00f3 su libertad, luego de cumplir 3 a\u00f1os de prisi\u00f3n, acusado de abusar sexualmente de la esposa del ex Ministro de Salud, Mauro Falcon\u00ed, en un incidente que se hizo p\u00fablico, por videos donde constaban licor, escenas violentas y desorden en pleno estado de excepci\u00f3n y toque de [&hellip;]<\/p>\n","protected":false},"author":3,"featured_media":13931,"comment_status":"open","ping_status":"closed","sticky":false,"template":"","format":"standard","meta":{"_jetpack_memberships_contains_paid_content":false,"footnotes":""},"categories":[13],"tags":[2282,2301],"class_list":["post-13930","post","type-post","status-publish","format-standard","has-post-thumbnail","hentry","category-noticias-nacionales","tag-credibilidad","tag-freddycarrion"],"jetpack_featured_media_url":"https:\/\/radiocresatelital.com\/wp-content\/uploads\/2024\/05\/fredy-carrion.jpg","jetpack_sharing_enabled":true,"_links":{"self":[{"href":"https:\/\/radiocresatelital.com\/index.php?rest_route=\/wp\/v2\/posts\/13930","targetHints":{"allow":["GET"]}}],"collection":[{"href":"https:\/\/radiocresatelital.com\/index.php?rest_route=\/wp\/v2\/posts"}],"about":[{"href":"https:\/\/radiocresatelital.com\/index.php?rest_route=\/wp\/v2\/types\/post"}],"author":[{"embeddable":true,"href":"https:\/\/radiocresatelital.com\/index.php?rest_route=\/wp\/v2\/users\/3"}],"replies":[{"embeddable":true,"href":"https:\/\/radiocresatelital.com\/index.php?rest_route=%2Fwp%2Fv2%2Fcomments&post=13930"}],"version-history":[{"count":1,"href":"https:\/\/radiocresatelital.com\/index.php?rest_route=\/wp\/v2\/posts\/13930\/revisions"}],"predecessor-version":[{"id":13933,"href":"https:\/\/radiocresatelital.com\/index.php?rest_route=\/wp\/v2\/posts\/13930\/revisions\/13933"}],"wp:featuredmedia":[{"embeddable":true,"href":"https:\/\/radiocresatelital.com\/index.php?rest_route=\/wp\/v2\/media\/13931"}],"wp:attachment":[{"href":"https:\/\/radiocresatelital.com\/index.php?rest_route=%2Fwp%2Fv2%2Fmedia&parent=13930"}],"wp:term":[{"taxonomy":"category","embeddable":true,"href":"https:\/\/radiocresatelital.com\/index.php?rest_route=%2Fwp%2Fv2%2Fcategories&post=13930"},{"taxonomy":"post_tag","embeddable":true,"href":"https:\/\/radiocresatelital.com\/index.php?rest_route=%2Fwp%2Fv2%2Ftags&post=13930"}],"curies":[{"name":"wp","href":"https:\/\/api.w.org\/{rel}","templated":true}]}}