{"id":13908,"date":"2024-05-14T19:42:02","date_gmt":"2024-05-14T19:42:02","guid":{"rendered":"https:\/\/radiocresatelital.com\/?p=13908"},"modified":"2024-05-14T22:47:16","modified_gmt":"2024-05-14T22:47:16","slug":"tercera-edicion-de-los-premios-somos-llega-a-ecuador-para-destacar-a-lideres-del-pais","status":"publish","type":"post","link":"https:\/\/radiocresatelital.com\/?p=13908","title":{"rendered":"Tercera edici\u00f3n de los Premios Somos llega a Ecuador para destacar a l\u00edderes del pa\u00eds"},"content":{"rendered":"<p>Quito.- El Grupo Period\u00edstico Somos trae a Ecuador la tercera edici\u00f3n de los Premios Somos 2024. Este evento anual est\u00e1 dedicado a destacar y celebrar a empresarios, emprendedores y ejecutivos de alto nivel, cuyas acciones han contribuido a generar transformaciones positivas en el pa\u00eds. La premiaci\u00f3n ser\u00e1 el 15 de mayo a las 19h00 en la C\u00e1mara de Comercio de Guayaquil, gracias al apoyo de su principal; Miguel \u00c1ngel Gonz\u00e1lez<\/p>\n<p>Este a\u00f1o, la ceremonia rendir\u00e1 homenaje a 38 destacados personajes de todo el pa\u00eds, quienes han demostrado resiliencia y un compromiso inquebrantable con sus colaboradores y comunidades cercanas.<\/p>\n<p>Entre las personas que tendr\u00e1n este reconocimiento, constan<strong>: <\/strong>Euclides Palacios, Nery Merejildo, Carlos Cueva, Sade Fritschi, John Alarc\u00f3n, Johnny Czarninsky, Miguel Angel Gonz\u00e1lez, Roberto Tolozano, Paquita Cucal\u00f3n, Jos\u00e9 Luis Gonz\u00e1lez, Jimena Babra, Juan Jos\u00e9 Y\u00fanez, Marjorie Ch\u00e1vez, Pablo Torres, Welmer Quezada, Andersson Bosc\u00e1n, Eduardo Mendoza, Alfredo Pe\u00f1a, Macarena Fanlo, Marcedes C\u00f3rdova, Josu\u00e9 de la Maza, Mario Canessa, Jan Topic, Alvaro Mu\u00f1oz, Blasco \u00a8Pe\u00f1aherrera, Jos\u00e9 Hidalgo, Luz Mar\u00eda Valdiviezo, Nassib Nehme, Javier Navarro, Olga Lopez, John Garaycoa, Martha Rizzo, Alfredo Escobar, Cristina Reyes, Luis Chango, C\u00e9sar Coronel, Catalina Charpentier y Debbie Mucarsel, empresarios y gerentes de empresas, altos funcionarios de Estado, representantes gremiales y \u00a0l\u00edderes de opini\u00f3n<\/p>\n<p>\u00abEstos premios fueron concebidos para incentivar y aplaudir el esp\u00edritu empresarial que conduce al progreso social y econ\u00f3mico en nuestro pa\u00eds\u201d, mencion\u00f3 Gabriel Caicedo Antepara, fundador del Grupo Somos. Por otra parte, se\u00f1al\u00f3 que en la organizaci\u00f3n \u201cNos emociona volver con fuerza a una tercera edici\u00f3n, apoyados por sus colegas y amigos del sector empresarial\u201d.<\/p>\n<p>Adem\u00e1s de celebrar la excelencia empresarial, el Grupo Somos se enorgullece de promover la inclusi\u00f3n laboral, empleando a profesionales mayores de 50 a\u00f1os, a quienes se les brinda la oportunidad de seguir contribuyendo con su vasta experiencia.<\/p>\n<p>El Grupo Somos contin\u00faa siendo una plataforma esencial para visibilizar el liderazgo empresarial en Ecuador, fomentando una cultura de resiliencia, \u00e9tica laboral y responsabilidad social.<\/p>\n","protected":false},"excerpt":{"rendered":"<p>Quito.- El Grupo Period\u00edstico Somos trae a Ecuador la tercera edici\u00f3n de los Premios Somos 2024. Este evento anual est\u00e1 dedicado a destacar y celebrar a empresarios, emprendedores y ejecutivos de alto nivel, cuyas acciones han contribuido a generar transformaciones positivas en el pa\u00eds. La premiaci\u00f3n ser\u00e1 el 15 de mayo a las 19h00 en [&hellip;]<\/p>\n","protected":false},"author":2,"featured_media":13909,"comment_status":"open","ping_status":"closed","sticky":false,"template":"","format":"standard","meta":{"_jetpack_memberships_contains_paid_content":false,"footnotes":""},"categories":[13],"tags":[2292],"class_list":["post-13908","post","type-post","status-publish","format-standard","has-post-thumbnail","hentry","category-noticias-nacionales","tag-premios-somos-2024"],"jetpack_featured_media_url":"https:\/\/radiocresatelital.com\/wp-content\/uploads\/2024\/05\/foto-editorial-aniversario-10-Revista-Somos2.jpg","jetpack_sharing_enabled":true,"_links":{"self":[{"href":"https:\/\/radiocresatelital.com\/index.php?rest_route=\/wp\/v2\/posts\/13908","targetHints":{"allow":["GET"]}}],"collection":[{"href":"https:\/\/radiocresatelital.com\/index.php?rest_route=\/wp\/v2\/posts"}],"about":[{"href":"https:\/\/radiocresatelital.com\/index.php?rest_route=\/wp\/v2\/types\/post"}],"author":[{"embeddable":true,"href":"https:\/\/radiocresatelital.com\/index.php?rest_route=\/wp\/v2\/users\/2"}],"replies":[{"embeddable":true,"href":"https:\/\/radiocresatelital.com\/index.php?rest_route=%2Fwp%2Fv2%2Fcomments&post=13908"}],"version-history":[{"count":1,"href":"https:\/\/radiocresatelital.com\/index.php?rest_route=\/wp\/v2\/posts\/13908\/revisions"}],"predecessor-version":[{"id":13910,"href":"https:\/\/radiocresatelital.com\/index.php?rest_route=\/wp\/v2\/posts\/13908\/revisions\/13910"}],"wp:featuredmedia":[{"embeddable":true,"href":"https:\/\/radiocresatelital.com\/index.php?rest_route=\/wp\/v2\/media\/13909"}],"wp:attachment":[{"href":"https:\/\/radiocresatelital.com\/index.php?rest_route=%2Fwp%2Fv2%2Fmedia&parent=13908"}],"wp:term":[{"taxonomy":"category","embeddable":true,"href":"https:\/\/radiocresatelital.com\/index.php?rest_route=%2Fwp%2Fv2%2Fcategories&post=13908"},{"taxonomy":"post_tag","embeddable":true,"href":"https:\/\/radiocresatelital.com\/index.php?rest_route=%2Fwp%2Fv2%2Ftags&post=13908"}],"curies":[{"name":"wp","href":"https:\/\/api.w.org\/{rel}","templated":true}]}}