{"id":13881,"date":"2024-05-14T20:14:35","date_gmt":"2024-05-14T20:14:35","guid":{"rendered":"https:\/\/radiocresatelital.com\/?p=13881"},"modified":"2024-05-14T20:14:35","modified_gmt":"2024-05-14T20:14:35","slug":"ecuador-presenta-su-amplia-y-atractiva-oferta-de-inversiones-comercio-y-exportacion-a-empresarios-italianos","status":"publish","type":"post","link":"https:\/\/radiocresatelital.com\/?p=13881","title":{"rendered":"Ecuador presenta su amplia y atractiva oferta de inversiones,, comercio y exportaci\u00f3n a empresarios Italianos"},"content":{"rendered":"<p>Roma.- La ma\u00f1ana de este martes 14 de mayo, el presidente de la Rep\u00fablica, Daniel Noboa Azin, junto a autoridades del gabinete ministerial, mantuvieron una encuentro con empresarios italianos. En este encuentro, la naci\u00f3n expuso las acciones implementadas para dinamizar el intercambio comercial mediante normativas innovadoras como la Ley Org\u00e1nica de Eficiencia Econ\u00f3mica y Generaci\u00f3n de Empleo, la Ley de Competitividad Energ\u00e9tica y la Ley de Fortalecimiento del Turismo y Promoci\u00f3n del Empleo.<\/p>\n<p>De acuerdo con el Banco Central del Ecuador, en 2023, se registr\u00f3 la cifra m\u00e1s alta de exportaciones de productos ecuatorianos a Italia por un total de USD 629,3 millones. Los principales productos de exportaci\u00f3n fueron: crust\u00e1ceos (42%), conservas de pescado (19%), bananas (19%) y cacao (9%). Esto evidencia la importancia de este mercado para la ampliaci\u00f3n comercial del pa\u00eds.<\/p>\n<p>El ministro de Econom\u00eda y Finanzas, Juan Carlos Vega declar\u00f3 que \u201cnuestro pa\u00eds est\u00e1 lleno de oportunidades para los inversionistas extranjeros, en \u00e1reas de turismo, energ\u00eda limpia, miner\u00eda, petr\u00f3leo, construcci\u00f3n y de agroindustria\u201d . A ello agreg\u00f3 que los empresarios demostraron mucho inter\u00e9s y resaltaron la mejora de la seguridad y econom\u00eda para abrir inversiones a corto y medianos plazo.<\/p>\n<p>Una de las fortalezas del Ecuador radica en el desarrollo de su agroindustria, por su compromiso con la preservaci\u00f3n del medio ambiente y la naturaleza. En este sentido, el Nuevo Ecuador impulsa una oferta exportable que se distingue por su car\u00e1cter social y su respeto por el ciclo natural de la tierra. La especialidad del pa\u00eds es la producci\u00f3n de productos org\u00e1nicos de alta calidad, como pl\u00e1tanos, caf\u00e9, cacao y camarones.<\/p>\n<p>Alfredo Aramondi, representante de la C\u00e1mara Binacional Ecuador Italia, hizo \u00e9nfasis en que Ecuador es uno de los mejores pa\u00edses desde el punto de vista de innovaci\u00f3n y de desarrollo para importar productos. Adem\u00e1s, destac\u00f3 que con el liderazgo del presidente Noboa \u201cactualmente goza de una extraordinaria estabilidad pol\u00edtica, lo cual coadyuva al desarrollo econ\u00f3mico de lo negocios\u201d.<\/p>\n<p>A este criterio se suma el de Gladys Rosado, importadora de sombreros de paja toquilla. Ella manifest\u00f3 que su empresa tiene la intenci\u00f3n de ubicar los sombreros de paja toquilla a un nivel superior. \u201cEcuador ser\u00e1 el pr\u00f3ximo boom econ\u00f3mico (\u2026). Aplaudo al presidente porque hace mucho tiempo necesit\u00e1bamos hacer ver lo que tiene Ecuador para Europa\u201d.<\/p>\n<p>La Ministra de Relaciones Exteriores y Movilidad Humana, Gabriela Sommerfeld, inform\u00f3 que adem\u00e1s de la magn\u00edfica oferta al mundo existe la confianza al gobierno para generar m\u00e1s empleo e inversi\u00f3n. \u201cLos empresarios ven un gobierno para entregar las condiciones propicias para hacer el pa\u00eds m\u00e1s atractivo y productivo\u201d, indic\u00f3.<\/p>\n<p>Para promover, proteger y potenciar las inversiones en nuestro pa\u00eds, el Gobierno Nacional se enfoca en fortalecer aspectos claves, incluyendo garantizar la seguridad jur\u00eddica para proteger el capital invertido, implementar un r\u00e9gimen de zona franca para estimular el comercio exterior, desarrollar infraestructura, y facilitar la internacionalizaci\u00f3n de nuevas empresas.<\/p>\n","protected":false},"excerpt":{"rendered":"<p>Roma.- La ma\u00f1ana de este martes 14 de mayo, el presidente de la Rep\u00fablica, Daniel Noboa Azin, junto a autoridades del gabinete ministerial, mantuvieron una encuentro con empresarios italianos. En este encuentro, la naci\u00f3n expuso las acciones implementadas para dinamizar el intercambio comercial mediante normativas innovadoras como la Ley Org\u00e1nica de Eficiencia Econ\u00f3mica y Generaci\u00f3n [&hellip;]<\/p>\n","protected":false},"author":2,"featured_media":13882,"comment_status":"open","ping_status":"closed","sticky":false,"template":"","format":"standard","meta":{"_jetpack_memberships_contains_paid_content":false,"footnotes":""},"categories":[13],"tags":[1322],"class_list":["post-13881","post","type-post","status-publish","format-standard","has-post-thumbnail","hentry","category-noticias-nacionales","tag-presidente-daniel-noboa"],"jetpack_featured_media_url":"https:\/\/radiocresatelital.com\/wp-content\/uploads\/2024\/05\/53719682042_6d36770280_c.jpg","jetpack_sharing_enabled":true,"_links":{"self":[{"href":"https:\/\/radiocresatelital.com\/index.php?rest_route=\/wp\/v2\/posts\/13881","targetHints":{"allow":["GET"]}}],"collection":[{"href":"https:\/\/radiocresatelital.com\/index.php?rest_route=\/wp\/v2\/posts"}],"about":[{"href":"https:\/\/radiocresatelital.com\/index.php?rest_route=\/wp\/v2\/types\/post"}],"author":[{"embeddable":true,"href":"https:\/\/radiocresatelital.com\/index.php?rest_route=\/wp\/v2\/users\/2"}],"replies":[{"embeddable":true,"href":"https:\/\/radiocresatelital.com\/index.php?rest_route=%2Fwp%2Fv2%2Fcomments&post=13881"}],"version-history":[{"count":1,"href":"https:\/\/radiocresatelital.com\/index.php?rest_route=\/wp\/v2\/posts\/13881\/revisions"}],"predecessor-version":[{"id":13883,"href":"https:\/\/radiocresatelital.com\/index.php?rest_route=\/wp\/v2\/posts\/13881\/revisions\/13883"}],"wp:featuredmedia":[{"embeddable":true,"href":"https:\/\/radiocresatelital.com\/index.php?rest_route=\/wp\/v2\/media\/13882"}],"wp:attachment":[{"href":"https:\/\/radiocresatelital.com\/index.php?rest_route=%2Fwp%2Fv2%2Fmedia&parent=13881"}],"wp:term":[{"taxonomy":"category","embeddable":true,"href":"https:\/\/radiocresatelital.com\/index.php?rest_route=%2Fwp%2Fv2%2Fcategories&post=13881"},{"taxonomy":"post_tag","embeddable":true,"href":"https:\/\/radiocresatelital.com\/index.php?rest_route=%2Fwp%2Fv2%2Ftags&post=13881"}],"curies":[{"name":"wp","href":"https:\/\/api.w.org\/{rel}","templated":true}]}}