{"id":13878,"date":"2024-05-14T19:58:07","date_gmt":"2024-05-14T19:58:07","guid":{"rendered":"https:\/\/radiocresatelital.com\/?p=13878"},"modified":"2024-05-14T19:58:07","modified_gmt":"2024-05-14T19:58:07","slug":"msp-cumple-mision-en-uruguay-para-el-fortalecimiento-de-politicas-publicas-para-la-primera-infancia","status":"publish","type":"post","link":"https:\/\/radiocresatelital.com\/?p=13878","title":{"rendered":"MSP cumple misi\u00f3n en Uruguay para el fortalecimiento de pol\u00edticas p\u00fablicas para la primera infancia"},"content":{"rendered":"<p>Quito.- El Ministerio de Salud P\u00fablica representado por una delegaci\u00f3n estuvo presente en el Seminario \u201cInnovaci\u00f3n en la Primera Infancia\u201d organizado por el Ministerio de Desarrollo Social de Uruguay, que se realiz\u00f3 en ese pa\u00eds este lunes 13 de mayo de 2024.<\/p>\n<p>El Subsecretario de Promoci\u00f3n, Salud Intercultural e Igualdad, Darwin Armijos, encabez\u00f3 la mesa directiva de este seminario en la que present\u00f3 avances y desaf\u00edos en la lucha contra la desnutrici\u00f3n infantil, a trav\u00e9s de la Estrategia Ecuador Crece sin Desnutrici\u00f3n Infantil. En su intervenci\u00f3n, el subsecretario destac\u00f3 que, en nuestro pa\u00eds, la intervenci\u00f3n multisectorial y la articulaci\u00f3n territorial es clave para reducir y prevenir la desnutrici\u00f3n cr\u00f3nica infantil.<\/p>\n<p>La autoridad sanitaria en Uruguay, adem\u00e1s, detall\u00f3 que el paquete priorizado de bienes y servicios es tambi\u00e9n una herramienta que permite asegurar la salud materno-infantil. Entre estos, resalt\u00f3 que, en el caso de las mujeres embarazadas se realizan controles prenatales, ecograf\u00edas obst\u00e9tricas, plan de parto; mientras que, en los infantes, es primordial el cumplimento del esquema regular de vacunaci\u00f3n y tamizaje de enfermedades.<\/p>\n<p>La presencia del MSP, a trav\u00e9s de sus delegados permitir\u00e1 conocer otros programas de atenci\u00f3n integral en salud para la poblaci\u00f3n materno-infantil que se desarrollan en los pa\u00edses que son parte de la Cooperaci\u00f3n Triangular: Ecuador, Uruguay, Uni\u00f3n Europea. El Programa de Acompa\u00f1amiento Familiar, es una de las estrategias de Uruguay que se conocer\u00e1 en esta misi\u00f3n internacional que se desarrollar\u00e1 del 13 al 17 de mayo de 2024. El programa se trata de una estrategia socioeducativa que atiende a mujeres embarazadas y familias con ni\u00f1os menores de 4 a\u00f1os que presentan vulneraci\u00f3n de sus derechos sociales y afectaci\u00f3n en los indicadores de salud.<\/p>\n<p>Mayra Ger, Directora Nacional de Alimentaci\u00f3n Saludable y Nutrici\u00f3n del MSP, tambi\u00e9n intervino en el seminario, v\u00eda online, y expuso sobre \u201cLa evidencia cient\u00edfica y la ENSANUT 2018 en Ecuador, como gu\u00eda para la formulaci\u00f3n de pol\u00edticas\u00bb. Durante su ponencia, la directora resalt\u00f3 el compromiso del Gobierno Nacional de El Nuevo Ecuador, con el bienestar de las generaciones futuras. En ese sentido, indic\u00f3: \u201cseguimos trabajando juntos para garantizar que cada ni\u00f1o y ni\u00f1a tenga la oportunidad de crecer y prosperar en un ambiente nutritivo\u201d, al tiempo que mencion\u00f3 que desde esta cartera de Estado se promueve la lactancia materna exclusiva como una de las acciones de la Estrategia Ecuador Crece sin Desnutrici\u00f3n Infantil.<\/p>\n","protected":false},"excerpt":{"rendered":"<p>Quito.- El Ministerio de Salud P\u00fablica representado por una delegaci\u00f3n estuvo presente en el Seminario \u201cInnovaci\u00f3n en la Primera Infancia\u201d organizado por el Ministerio de Desarrollo Social de Uruguay, que se realiz\u00f3 en ese pa\u00eds este lunes 13 de mayo de 2024. El Subsecretario de Promoci\u00f3n, Salud Intercultural e Igualdad, Darwin Armijos, encabez\u00f3 la mesa [&hellip;]<\/p>\n","protected":false},"author":2,"featured_media":13879,"comment_status":"open","ping_status":"closed","sticky":false,"template":"","format":"standard","meta":{"_jetpack_memberships_contains_paid_content":false,"footnotes":""},"categories":[13],"tags":[148],"class_list":["post-13878","post","type-post","status-publish","format-standard","has-post-thumbnail","hentry","category-noticias-nacionales","tag-ministerio-de-salud-publica"],"jetpack_featured_media_url":"https:\/\/radiocresatelital.com\/wp-content\/uploads\/2024\/05\/WhatsApp-Image-2024-05-14-at-11.04.22-AM-1024x389-1.jpeg","jetpack_sharing_enabled":true,"_links":{"self":[{"href":"https:\/\/radiocresatelital.com\/index.php?rest_route=\/wp\/v2\/posts\/13878","targetHints":{"allow":["GET"]}}],"collection":[{"href":"https:\/\/radiocresatelital.com\/index.php?rest_route=\/wp\/v2\/posts"}],"about":[{"href":"https:\/\/radiocresatelital.com\/index.php?rest_route=\/wp\/v2\/types\/post"}],"author":[{"embeddable":true,"href":"https:\/\/radiocresatelital.com\/index.php?rest_route=\/wp\/v2\/users\/2"}],"replies":[{"embeddable":true,"href":"https:\/\/radiocresatelital.com\/index.php?rest_route=%2Fwp%2Fv2%2Fcomments&post=13878"}],"version-history":[{"count":1,"href":"https:\/\/radiocresatelital.com\/index.php?rest_route=\/wp\/v2\/posts\/13878\/revisions"}],"predecessor-version":[{"id":13880,"href":"https:\/\/radiocresatelital.com\/index.php?rest_route=\/wp\/v2\/posts\/13878\/revisions\/13880"}],"wp:featuredmedia":[{"embeddable":true,"href":"https:\/\/radiocresatelital.com\/index.php?rest_route=\/wp\/v2\/media\/13879"}],"wp:attachment":[{"href":"https:\/\/radiocresatelital.com\/index.php?rest_route=%2Fwp%2Fv2%2Fmedia&parent=13878"}],"wp:term":[{"taxonomy":"category","embeddable":true,"href":"https:\/\/radiocresatelital.com\/index.php?rest_route=%2Fwp%2Fv2%2Fcategories&post=13878"},{"taxonomy":"post_tag","embeddable":true,"href":"https:\/\/radiocresatelital.com\/index.php?rest_route=%2Fwp%2Fv2%2Ftags&post=13878"}],"curies":[{"name":"wp","href":"https:\/\/api.w.org\/{rel}","templated":true}]}}