{"id":13872,"date":"2024-05-14T19:46:41","date_gmt":"2024-05-14T19:46:41","guid":{"rendered":"https:\/\/radiocresatelital.com\/?p=13872"},"modified":"2024-05-14T19:46:41","modified_gmt":"2024-05-14T19:46:41","slug":"presidente-daniel-noboa-concluye-visita-oficial-en-italia-con-reuniones-de-alto-nivel-sobre-seguridad","status":"publish","type":"post","link":"https:\/\/radiocresatelital.com\/?p=13872","title":{"rendered":"Presidente Daniel Noboa concluye visita oficial en Italia con reuniones de alto nivel sobre seguridad"},"content":{"rendered":"<p>Roma.- En la \u00faltima jornada de su visita a Italia, el presidente Daniel Noboa Azin mantuvo reuniones cruciales con autoridades de este pa\u00eds. Las reuniones abordaron principalmente temas de cooperaci\u00f3n en seguridad, as\u00ed como relacionados a la creaci\u00f3n de oportunidades laborales para j\u00f3venes.<\/p>\n<p>Sergio Matarella, presidente de la Rep\u00fablica de Italia, recibi\u00f3 al mandatario ecuatoriano en el Palacio de Quirinal. En un encuentro bilateral se expuso el inter\u00e9s del Nuevo Ecuador por crear oportunidades para los j\u00f3venes en el extranjero, en concordancia con los objetivos espec\u00edficos trazados bajo el liderazgo de Daniel Noboa, mediante espacios de cooperaci\u00f3n. La prioridad es evitar que los j\u00f3venes caigan en manos de grupos delictivos debido a la falta de oportunidades y apoyo.<\/p>\n<p>Tambi\u00e9n, se discuti\u00f3 sobre la situaci\u00f3n actual de Ecuador en materia de seguridad y las medidas adoptadas por su administraci\u00f3n. El mandatario ecuatoriano resalt\u00f3 el inter\u00e9s de su gobierno por fortalecer la asistencia bilateral en esta materia y agradeci\u00f3 el apoyo brindado por Italia hasta el momento, puesto que \u201cas\u00ed podemos trabajar en sistemas internacionales\u201d, se\u00f1al\u00f3.<\/p>\n<p>La situaci\u00f3n de seguridad en Ecuador requiere apoyo internacional debido a que es el resultado de actos de violencia sistem\u00e1tica perpetrados por el narcoterrorismo y organizaciones criminales. Italia ha brindado colaboraci\u00f3n sobre este tema mediante espacios como el programa Falcone-Borsellino y el Programa de Asistencia contra el Crimen Transnacional Organizado (PAcCTO). En ese sentido, Ecuador ha recibido asesor\u00eda, por ejemplo, en temas como la reducci\u00f3n de los niveles de violencia en las c\u00e1rceles y gestionar las prisiones de acuerdo a est\u00e1ndares internacionales de Derechos Humanos.<\/p>\n<p>Precisamente, tras culminar su reuni\u00f3n con el presidente Matarella, Daniel Noboa mantuvo un encuentro con el Procurador Nacional Antimafia, Giovanni. El prop\u00f3sito fue reforzar espacios de cooperaci\u00f3n ya existentes en esta materia y apalancarse en la experiencia de Italia en la lucha contra la mafia.<\/p>\n<p>Adem\u00e1s, la canciller Gabriela Sommerfeld particip\u00f3 como delegada presidencial en una cita con Antonio Tajani, vicepresidente del Consejo de Ministros y ministro de Asuntos Exteriores.<\/p>\n<p>\u201cHablamos de todos los acuerdos que est\u00e1n vigentes, los que vienen y los que vamos a renovar para incrementar la relaci\u00f3n comercial bilateral; la cooperaci\u00f3n en seguridad; el trabajo para una migraci\u00f3n circular Ecuador \u2013 Italia; el trabajo de una homologaci\u00f3n de los sistemas de seguridad social entre ambas naciones\u201d, inform\u00f3.<\/p>\n<p>De esta manera concluye la agenda internacional del presidente de la Rep\u00fablica, Daniel Noboa Azin, en Italia. Ahora, su jornada continuar\u00e1 en Francia, donde se anticipan encuentros cruciales para promover la inversi\u00f3n extranjera.<\/p>\n","protected":false},"excerpt":{"rendered":"<p>Roma.- En la \u00faltima jornada de su visita a Italia, el presidente Daniel Noboa Azin mantuvo reuniones cruciales con autoridades de este pa\u00eds. Las reuniones abordaron principalmente temas de cooperaci\u00f3n en seguridad, as\u00ed como relacionados a la creaci\u00f3n de oportunidades laborales para j\u00f3venes. Sergio Matarella, presidente de la Rep\u00fablica de Italia, recibi\u00f3 al mandatario ecuatoriano [&hellip;]<\/p>\n","protected":false},"author":2,"featured_media":13873,"comment_status":"open","ping_status":"closed","sticky":false,"template":"","format":"standard","meta":{"_jetpack_memberships_contains_paid_content":false,"footnotes":""},"categories":[13],"tags":[1322],"class_list":["post-13872","post","type-post","status-publish","format-standard","has-post-thumbnail","hentry","category-noticias-nacionales","tag-presidente-daniel-noboa"],"jetpack_featured_media_url":"https:\/\/radiocresatelital.com\/wp-content\/uploads\/2024\/05\/53721422375_e2c9a85a4f_c.jpg","jetpack_sharing_enabled":true,"_links":{"self":[{"href":"https:\/\/radiocresatelital.com\/index.php?rest_route=\/wp\/v2\/posts\/13872","targetHints":{"allow":["GET"]}}],"collection":[{"href":"https:\/\/radiocresatelital.com\/index.php?rest_route=\/wp\/v2\/posts"}],"about":[{"href":"https:\/\/radiocresatelital.com\/index.php?rest_route=\/wp\/v2\/types\/post"}],"author":[{"embeddable":true,"href":"https:\/\/radiocresatelital.com\/index.php?rest_route=\/wp\/v2\/users\/2"}],"replies":[{"embeddable":true,"href":"https:\/\/radiocresatelital.com\/index.php?rest_route=%2Fwp%2Fv2%2Fcomments&post=13872"}],"version-history":[{"count":1,"href":"https:\/\/radiocresatelital.com\/index.php?rest_route=\/wp\/v2\/posts\/13872\/revisions"}],"predecessor-version":[{"id":13874,"href":"https:\/\/radiocresatelital.com\/index.php?rest_route=\/wp\/v2\/posts\/13872\/revisions\/13874"}],"wp:featuredmedia":[{"embeddable":true,"href":"https:\/\/radiocresatelital.com\/index.php?rest_route=\/wp\/v2\/media\/13873"}],"wp:attachment":[{"href":"https:\/\/radiocresatelital.com\/index.php?rest_route=%2Fwp%2Fv2%2Fmedia&parent=13872"}],"wp:term":[{"taxonomy":"category","embeddable":true,"href":"https:\/\/radiocresatelital.com\/index.php?rest_route=%2Fwp%2Fv2%2Fcategories&post=13872"},{"taxonomy":"post_tag","embeddable":true,"href":"https:\/\/radiocresatelital.com\/index.php?rest_route=%2Fwp%2Fv2%2Ftags&post=13872"}],"curies":[{"name":"wp","href":"https:\/\/api.w.org\/{rel}","templated":true}]}}