{"id":13856,"date":"2024-05-13T19:07:49","date_gmt":"2024-05-13T19:07:49","guid":{"rendered":"https:\/\/radiocresatelital.com\/?p=13856"},"modified":"2024-05-13T21:10:28","modified_gmt":"2024-05-13T21:10:28","slug":"hospital-teofilo-davila-celebro-el-dia-internacional-de-la-enfermeria","status":"publish","type":"post","link":"https:\/\/radiocresatelital.com\/?p=13856","title":{"rendered":"Hospital Te\u00f3filo D\u00e1vila celebr\u00f3 el D\u00eda Internacional de la Enfermer\u00eda"},"content":{"rendered":"<p>Machala.- Un total de 165 enfermeras y enfermeros del Hospital General Te\u00f3filo D\u00e1vila de Machala, fueron homenajeados por las m\u00e1ximas autoridades de esta casa de salud, al entregarles reconocimientos a los a\u00f1os de servicio y por su denodado esfuerzo por recuperar la salud de los pacientes.<\/p>\n<p>El 12 de mayo se celebra el D\u00eda Internacional de la Enfermer\u00eda y se recuerda a la fundadora de la carrera de Enfermer\u00eda (FLORENCE NIGHTINGALE), as\u00ed como tambi\u00e9n a aquellos compa\u00f1eros que sin pensar en s\u00ed mismos, entregaron su esfuerzo, amor y sacrificio en favor de sus pacientes.<\/p>\n<p>Vilma Poma, gerente hospitalaria, felicit\u00f3 y destac\u00f3 el trabajo del personal de enfermer\u00eda del HTD, quienes durante la pandemia realizaron una labor extraordinaria e incluso exponiendo sus vidas para brindar atenci\u00f3n a los miles de pacientes que necesitaron hospitalizaci\u00f3n por el COVID-19.<\/p>\n<p>\u201cMis respetos y mi admiraci\u00f3n para mis compa\u00f1eros, quienes cumplieron su trabajo en los momentos m\u00e1s dif\u00edciles que soport\u00f3 la humanidad, por ello siempre hubo una esperanza y se logr\u00f3 recuperar miles de pacientes que se fueron a casa con sus familias\u201d, destac\u00f3 Vilma Poma.<\/p>\n<p>Durante el evento, Jenny Rosales ofreci\u00f3 una representaci\u00f3n del inicio del trabajo de las enfermeras. Luego se realiz\u00f3 una rese\u00f1a hist\u00f3rica de los inicios de la Enfermer\u00eda a cargo de Guadalupe Agurto. Finalmente se entreg\u00f3 reconocimientos al personal profesional de Enfermer\u00eda por su ardua labor en esta Instituci\u00f3n a cargo de las autoridades de esta casa de salud.<\/p>\n<p>Mishell Zurita, directora asistencial, fue la encargada de colocar la banda a la se\u00f1ora 12 de mayo que recay\u00f3 en la Lcda. Jenny Rosales.<\/p>\n<p>El evento concluy\u00f3 con la entrega de una rosa por parte de las autoridades presentes.<\/p>\n","protected":false},"excerpt":{"rendered":"<p>Machala.- Un total de 165 enfermeras y enfermeros del Hospital General Te\u00f3filo D\u00e1vila de Machala, fueron homenajeados por las m\u00e1ximas autoridades de esta casa de salud, al entregarles reconocimientos a los a\u00f1os de servicio y por su denodado esfuerzo por recuperar la salud de los pacientes. El 12 de mayo se celebra el D\u00eda Internacional [&hellip;]<\/p>\n","protected":false},"author":2,"featured_media":13857,"comment_status":"open","ping_status":"closed","sticky":false,"template":"","format":"standard","meta":{"_jetpack_memberships_contains_paid_content":false,"footnotes":""},"categories":[13],"tags":[269],"class_list":["post-13856","post","type-post","status-publish","format-standard","has-post-thumbnail","hentry","category-noticias-nacionales","tag-hospital-general-teofilo-davila"],"jetpack_featured_media_url":"https:\/\/radiocresatelital.com\/wp-content\/uploads\/2024\/05\/7ea2d1ec-cdaf-4346-9cca-3f08a674a167.jpeg","jetpack_sharing_enabled":true,"_links":{"self":[{"href":"https:\/\/radiocresatelital.com\/index.php?rest_route=\/wp\/v2\/posts\/13856","targetHints":{"allow":["GET"]}}],"collection":[{"href":"https:\/\/radiocresatelital.com\/index.php?rest_route=\/wp\/v2\/posts"}],"about":[{"href":"https:\/\/radiocresatelital.com\/index.php?rest_route=\/wp\/v2\/types\/post"}],"author":[{"embeddable":true,"href":"https:\/\/radiocresatelital.com\/index.php?rest_route=\/wp\/v2\/users\/2"}],"replies":[{"embeddable":true,"href":"https:\/\/radiocresatelital.com\/index.php?rest_route=%2Fwp%2Fv2%2Fcomments&post=13856"}],"version-history":[{"count":1,"href":"https:\/\/radiocresatelital.com\/index.php?rest_route=\/wp\/v2\/posts\/13856\/revisions"}],"predecessor-version":[{"id":13858,"href":"https:\/\/radiocresatelital.com\/index.php?rest_route=\/wp\/v2\/posts\/13856\/revisions\/13858"}],"wp:featuredmedia":[{"embeddable":true,"href":"https:\/\/radiocresatelital.com\/index.php?rest_route=\/wp\/v2\/media\/13857"}],"wp:attachment":[{"href":"https:\/\/radiocresatelital.com\/index.php?rest_route=%2Fwp%2Fv2%2Fmedia&parent=13856"}],"wp:term":[{"taxonomy":"category","embeddable":true,"href":"https:\/\/radiocresatelital.com\/index.php?rest_route=%2Fwp%2Fv2%2Fcategories&post=13856"},{"taxonomy":"post_tag","embeddable":true,"href":"https:\/\/radiocresatelital.com\/index.php?rest_route=%2Fwp%2Fv2%2Ftags&post=13856"}],"curies":[{"name":"wp","href":"https:\/\/api.w.org\/{rel}","templated":true}]}}