{"id":13853,"date":"2024-05-13T20:55:38","date_gmt":"2024-05-13T20:55:38","guid":{"rendered":"https:\/\/radiocresatelital.com\/?p=13853"},"modified":"2024-05-13T20:55:38","modified_gmt":"2024-05-13T20:55:38","slug":"ecuador-amplia-puentes-de-cooperacion-con-organismos-internacionales-enfocados-en-ruralidad-agricultura-y-seguridad","status":"publish","type":"post","link":"https:\/\/radiocresatelital.com\/?p=13853","title":{"rendered":"Ecuador amplia puentes de cooperaci\u00f3n con organismos internacionales enfocados en ruralidad, agricultura y seguridad"},"content":{"rendered":"<p>Roma.- El Presidente de la Rep\u00fablica, Daniel Noboa, junto a su equipo ministerial, continu\u00f3 su agenda de actividades de este lunes 13 de mayo. Durante reuniones de alto nivel con representantes del Fondo Internacional de Desarrollo Agr\u00edcola (FIDA), Organizaci\u00f3n de las Naciones Unidas para la Alimentaci\u00f3n y la Agricultura (FAO), Programa Mundial de Alimentos<br \/>\n(PMA) e Instituto \u00cdtalo-Latinoamericano (IILA), se abordaron asuntos relacionados a desarrollo rural, agricultura, seguridad entre otros.<\/p>\n<p><strong>Ecuador le apuesta al desarrollo rural con cooperaci\u00f3n internacional<\/strong><br \/>\nLa primera cita se efectu\u00f3 con el presidente del Fondo Internacional de Desarrollo Agr\u00edcola (FIDA), \u00c1lvaro Lario. De acuerdo con Rossana Polastri, directora regional del FIDA para Am\u00e9rica Latina y el Caribe, la reuni\u00f3n fue exitosa, por cuanto este organismo ha reafirmado su compromiso con el gobierno del Ecuador de seguir respaldando la agenda de desarrollo rural, la cual tiene prioridades compartidas, entre ellas: apoyar la agricultura familiar o de peque\u00f1a y mediana escala; en generar oportunidades econ\u00f3micas que les permita tener un ingreso sostenible y a la misma vez adaptarse al cambio clim\u00e1tico y ser m\u00e1s resilientes.<\/p>\n<p>Al respecto, Polastri recalc\u00f3 que \u201cseguiremos financiando proyectos de inversi\u00f3n en el Ecuador\u201d, y anticip\u00f3 que actualmente se conversa de programas de alto impacto hacia la agricultura mecanizada y enfocada en cadenas de valor relacionadas a deforestaci\u00f3n cero.<\/p>\n<p>En el marco de este di\u00e1logo el presidente Noboa agradeci\u00f3 al FIDA por su apoyo en la diversificaci\u00f3n de la econom\u00eda rural, ya que los pr\u00e9stamos otorgados han permitido la formaci\u00f3n de cooperativas e inversiones destinadas a generar empleo e ingresos para las familias rurales.<\/p>\n<p>El Nuevo Ecuador avanza a paso firme hacia la seguridad alimentaria La ministra de Relaciones Exteriores y Movilidad Humana, Gabriela Sommerfeld, en representaci\u00f3n del presidente Daniel Noboa Azin, se reuni\u00f3 con el Director General de la Organizaci\u00f3n de las Naciones Unidas para la Alimentaci\u00f3n y la Agricultura (FAO), Qu Dongyu.<\/p>\n<p>En esta cita el pa\u00eds reconoci\u00f3 la valiosa cooperaci\u00f3n de este organismo, a trav\u00e9s de su representante en Ecuador, Gherda Barreto, especialmente para promover iniciativas enfocadas en seguridad alimentaria, nutrici\u00f3n, desarrollo rural y cambio clim\u00e1tico.<\/p>\n<p>Durante el encuentro, Ecuador manifest\u00f3 su inter\u00e9s en seguir participando activamente en iniciativas globales que involucren estas tem\u00e1ticas, las cuales han dado excelentes resultados.<\/p>\n<p>Por ejemplo, el modelo de Escuelas Sostenibles de la FAO ha facilitado la coordinaci\u00f3n de esfuerzos a nivel nacional para promover las compras p\u00fablicas con la participaci\u00f3n de la Agricultura Familiar y Campesina.<\/p>\n<p>Adem\u00e1s, con el respaldo de la sociedad civil, el sector privado, los gobiernos locales y la cooperaci\u00f3n internacional se est\u00e1n implementando programas e iniciativas con el objetivo de reducir la incidencia de la desnutrici\u00f3n cr\u00f3nica infantil en seis puntos porcentuales para 2025. Encuentro con el Programa Mundial de Alimentos<\/p>\n<p>La canciller Sommerfeld y el ministro de Econom\u00eda y Finanzas, Juan Carlos Vega, mantuvieron un encuentro con representantes del Programa Mundial de Alimentos (PMA). En la cita, las autoridades ecuatorianas resaltaron el apoyo continuo del programa con Ecuador, sobre todo al implementar el Programa Estrat\u00e9gico de Pa\u00eds para el per\u00edodo 2023-2027 a trav\u00e9s de 87 iniciativas que se ejecutan en la actualidad.<\/p>\n<p>El PMA desarrolla en Ecuador proyectos en asistencia alimentaria y nutrici\u00f3n; malnutrici\u00f3n; adaptaci\u00f3n al cambio clim\u00e1tico y sistemas alimentarios sostenibles; fortalecimiento de capacidades; preparaci\u00f3n y respuesta a emergencias y provisi\u00f3n de servicios. Tambi\u00e9n trabaja en la atenci\u00f3n de necesidades de la poblaci\u00f3n en condici\u00f3n de movilidad humana, personas vulnerables y con integrantes de la agricultura familiar y campesina, a trav\u00e9s de la articulaci\u00f3n con instituciones gubernamentales.<\/p>\n<p><strong>Reuni\u00f3n con el Instituto \u00cdtalo-Latinoamericano<\/strong><br \/>\nPosteriormente, la Canciller y el ministro Vega mantuvieron un di\u00e1logo con la secretaria general del Instituto \u00cdtalo-Latinoamericano, Antonella Cavallari. En esta ocasi\u00f3n se resalt\u00f3 el apoyo del organismo por la implementaci\u00f3n del nuevo \u201cPrograma europeo de respuesta a la emergencia para el fortalecimiento del sistema penitenciario de Ecuador-EURESP\u201d, con un presupuesto de 2,5 millones de euros financiados por la Uni\u00f3n Europea.<\/p>\n<p>La misi\u00f3n de la cita tambi\u00e9n fue afianzar los lazos de cooperaci\u00f3n entre IILA y Ecuador en lo cultural, socioecon\u00f3mico, t\u00e9cnico-cient\u00edfico, asistencia t\u00e9cnica y financiamiento de becas.<\/p>\n","protected":false},"excerpt":{"rendered":"<p>Roma.- El Presidente de la Rep\u00fablica, Daniel Noboa, junto a su equipo ministerial, continu\u00f3 su agenda de actividades de este lunes 13 de mayo. Durante reuniones de alto nivel con representantes del Fondo Internacional de Desarrollo Agr\u00edcola (FIDA), Organizaci\u00f3n de las Naciones Unidas para la Alimentaci\u00f3n y la Agricultura (FAO), Programa Mundial de Alimentos (PMA) [&hellip;]<\/p>\n","protected":false},"author":2,"featured_media":13854,"comment_status":"open","ping_status":"closed","sticky":false,"template":"","format":"standard","meta":{"_jetpack_memberships_contains_paid_content":false,"footnotes":""},"categories":[13],"tags":[1322],"class_list":["post-13853","post","type-post","status-publish","format-standard","has-post-thumbnail","hentry","category-noticias-nacionales","tag-presidente-daniel-noboa"],"jetpack_featured_media_url":"https:\/\/radiocresatelital.com\/wp-content\/uploads\/2024\/05\/53719016499_f316984743_c.jpg","jetpack_sharing_enabled":true,"_links":{"self":[{"href":"https:\/\/radiocresatelital.com\/index.php?rest_route=\/wp\/v2\/posts\/13853","targetHints":{"allow":["GET"]}}],"collection":[{"href":"https:\/\/radiocresatelital.com\/index.php?rest_route=\/wp\/v2\/posts"}],"about":[{"href":"https:\/\/radiocresatelital.com\/index.php?rest_route=\/wp\/v2\/types\/post"}],"author":[{"embeddable":true,"href":"https:\/\/radiocresatelital.com\/index.php?rest_route=\/wp\/v2\/users\/2"}],"replies":[{"embeddable":true,"href":"https:\/\/radiocresatelital.com\/index.php?rest_route=%2Fwp%2Fv2%2Fcomments&post=13853"}],"version-history":[{"count":1,"href":"https:\/\/radiocresatelital.com\/index.php?rest_route=\/wp\/v2\/posts\/13853\/revisions"}],"predecessor-version":[{"id":13855,"href":"https:\/\/radiocresatelital.com\/index.php?rest_route=\/wp\/v2\/posts\/13853\/revisions\/13855"}],"wp:featuredmedia":[{"embeddable":true,"href":"https:\/\/radiocresatelital.com\/index.php?rest_route=\/wp\/v2\/media\/13854"}],"wp:attachment":[{"href":"https:\/\/radiocresatelital.com\/index.php?rest_route=%2Fwp%2Fv2%2Fmedia&parent=13853"}],"wp:term":[{"taxonomy":"category","embeddable":true,"href":"https:\/\/radiocresatelital.com\/index.php?rest_route=%2Fwp%2Fv2%2Fcategories&post=13853"},{"taxonomy":"post_tag","embeddable":true,"href":"https:\/\/radiocresatelital.com\/index.php?rest_route=%2Fwp%2Fv2%2Ftags&post=13853"}],"curies":[{"name":"wp","href":"https:\/\/api.w.org\/{rel}","templated":true}]}}