{"id":13847,"date":"2024-05-13T20:28:53","date_gmt":"2024-05-13T20:28:53","guid":{"rendered":"https:\/\/radiocresatelital.com\/?p=13847"},"modified":"2024-05-13T20:28:53","modified_gmt":"2024-05-13T20:28:53","slug":"fue-una-primera-casi-perfecta-califico-con-10-sobre-10-al-equipo-que-hizo-un-gran-trabajo-tadej-pogacar","status":"publish","type":"post","link":"https:\/\/radiocresatelital.com\/?p=13847","title":{"rendered":"Fue una primera casi perfecta, califico con 10 sobre 10 al equipo que hizo un gran trabajo, Tadej Pogacar"},"content":{"rendered":"<p>Roma.- Tadej Pogacar ciclista esloveno ha tenido una destacada semana donde ha protagonizado la obtenci\u00f3n de ser l\u00edder en la edici\u00f3n n\u00famero 107 del Giro de Italia, en cuya clasificaci\u00f3n general aventaja al colombiano Daniel Mart\u00ednez y al gal\u00e9s Geraint Thomas.<\/p>\n<p>\u00abFue una primera casi perfecta, califico con 10 sobre 10 al equipo que hizo un gran trabajo\u00bb, afirm\u00f3 Pogacar, quien gan\u00f3 tres de las nueve etapas completadas tras el inicio de la cita el pasado s\u00e1bado 4.<\/p>\n<p>\u00abEstoy contento de tener una linda ventaja en la general. De cara al Tour de Francia, esto me permite adoptar una estrategia m\u00e1s defensiva\u00bb, explic\u00f3 el esloveno, l\u00edder de la carrera de la segunda etapa.<\/p>\n<p>\u00abUsar\u00e9 todo lo posible al equipo para lograr el objetivo\u00bb, anticip\u00f3 Pogacar durante la primera jornada de descanso de la carrera, que concluir\u00e1 el domingo 26 en Roma.<\/p>\n<p>Pogacar, pedalista del equipo UAE Team Emirates, lidera la clasificaci\u00f3n general con un acumulado de 32 horas, 59 minutos y 4 segundos y aventaja por 2&#8217;40 a Mart\u00ednez (Bora-Hansgrohe) y por 2&#8217;58\u00bb a Thomas (Ineos).<\/p>\n<p>\u00abEs bueno tener esta ventaja, pero nos preparamos para una semana con ataques de los adversarios, en particular del equipo Ineos con Thomsa y Thymen Arensman\u00bb, advirti\u00f3 Pagacar sobre el gal\u00e9s y el neerland\u00e9s que marcha noveno a 5&#8217;30\u00bb.<\/p>\n<p>Por otra parte, Pogacar reconoci\u00f3 una \u00abdebilidad\u00bb por el Giro de Italia incluso sobre el Tour de Francia, carreras que buscar\u00e1 en una misma temporada para emular al fallecido ciclista \u00abazzurro\u00bb Marco Pantani, que por ahora fue el \u00faltimo en adjudicarse ambas citas en un mismo a\u00f1o (1998).<\/p>\n<p>\u00abHay diferencias entre ambas, cada una tiene su historia, pero tengo una debilidad por el Giro.\u00a0Est\u00e1 bastante bien organizado, tenemos suerte con el clima, las etapas no son tan largas y son menos estresantes que las del Tour de France\u00bb, explic\u00f3 Pogacar, que gan\u00f3 dos veces la \u00abGrande Boucle\u00bb.<\/p>\n<p>A su vez, Mauro Vegni, director del Giro de Italia, celebr\u00f3 el arribo de la cita a Caivano, suroeste del pa\u00eds, antes de reiniciar la competencia este martes con la d\u00e9cima etapa, que ofrecer\u00e1 un recorrido de 142 kil\u00f3metros entre Pompeya y Cusano Mutri.<\/p>\n<p>\u00abEl Giro de Italia siempre estableci\u00f3 un v\u00ednculo con los territorios por los que pasa. Prueba de ello es la participaci\u00f3n del p\u00fablico, apreciada y elogiada por los medios de comunicaci\u00f3n de todo el mundo, durante ayer, cuando la multitud sali\u00f3 a las calles para que la carrera pase\u00bb, celebr\u00f3 Vegni.<\/p>\n<p>\u00abSin embargo, el Giro no es s\u00f3lo un evento deportivo, es tambi\u00e9n una herramienta que promueve temas importantes y as\u00ed lo demuestra hoy en el que trajimos a Caivano, adem\u00e1s del espect\u00e1culo de la carrera rosa y su caravana, tambi\u00e9n los valores sociales de los que el deporte es mensajero\u00bb, complet\u00f3 el director de la cita.<\/p>\n<p>Por su parte, Gaetano Manfredi, alcalde de N\u00e1poles, ponder\u00f3 que el Giro de Italia \u00abes uno de los eventos deportivos m\u00e1s importantes del mundo, pero, sobre todo, es una formidable herramienta de promoci\u00f3n del territorio que ha aportado, en los dos \u00faltimos a\u00f1os, un gran \u00e9xito en t\u00e9rminos de visibilidad internacional de nuestras inconmensurables bellezas\u00bb.<\/p>\n<p>\u00abLa extraordinaria temporada tur\u00edstica que est\u00e1n viviendo N\u00e1poles y su \u00e1rea metropolitana es tambi\u00e9n el resultado de estas acciones que hemos implementado. Y es por eso que quer\u00edamos, tambi\u00e9n para la edici\u00f3n n\u00famero 107, que la carrera rosa pasara por aqu\u00ed, con una doble oportunidad espl\u00e9ndida para promocionar nuestra tierra, que no tiene igual en el mundo\u00bb, enfatiz\u00f3 Manfredi.<\/p>\n<p>\u00abAyer tuvo un gran \u00e9xito en N\u00e1poles: estamos seguros de que Pompeya tambi\u00e9n ofrecer\u00e1 un espect\u00e1culo apasionante al mundo entero\u00bb, concluy\u00f3 el alcalde la ciudad partenopea.<\/p>\n","protected":false},"excerpt":{"rendered":"<p>Roma.- Tadej Pogacar ciclista esloveno ha tenido una destacada semana donde ha protagonizado la obtenci\u00f3n de ser l\u00edder en la edici\u00f3n n\u00famero 107 del Giro de Italia, en cuya clasificaci\u00f3n general aventaja al colombiano Daniel Mart\u00ednez y al gal\u00e9s Geraint Thomas. \u00abFue una primera casi perfecta, califico con 10 sobre 10 al equipo que hizo [&hellip;]<\/p>\n","protected":false},"author":2,"featured_media":13848,"comment_status":"open","ping_status":"closed","sticky":false,"template":"","format":"standard","meta":{"_jetpack_memberships_contains_paid_content":false,"footnotes":""},"categories":[120,9],"tags":[156],"class_list":["post-13847","post","type-post","status-publish","format-standard","has-post-thumbnail","hentry","category-ciclismo","category-deportes","tag-tadej-pogacar"],"jetpack_featured_media_url":"https:\/\/radiocresatelital.com\/wp-content\/uploads\/2024\/05\/el-extraterrestre-pogacar-1024x683-1.jpg","jetpack_sharing_enabled":true,"_links":{"self":[{"href":"https:\/\/radiocresatelital.com\/index.php?rest_route=\/wp\/v2\/posts\/13847","targetHints":{"allow":["GET"]}}],"collection":[{"href":"https:\/\/radiocresatelital.com\/index.php?rest_route=\/wp\/v2\/posts"}],"about":[{"href":"https:\/\/radiocresatelital.com\/index.php?rest_route=\/wp\/v2\/types\/post"}],"author":[{"embeddable":true,"href":"https:\/\/radiocresatelital.com\/index.php?rest_route=\/wp\/v2\/users\/2"}],"replies":[{"embeddable":true,"href":"https:\/\/radiocresatelital.com\/index.php?rest_route=%2Fwp%2Fv2%2Fcomments&post=13847"}],"version-history":[{"count":1,"href":"https:\/\/radiocresatelital.com\/index.php?rest_route=\/wp\/v2\/posts\/13847\/revisions"}],"predecessor-version":[{"id":13849,"href":"https:\/\/radiocresatelital.com\/index.php?rest_route=\/wp\/v2\/posts\/13847\/revisions\/13849"}],"wp:featuredmedia":[{"embeddable":true,"href":"https:\/\/radiocresatelital.com\/index.php?rest_route=\/wp\/v2\/media\/13848"}],"wp:attachment":[{"href":"https:\/\/radiocresatelital.com\/index.php?rest_route=%2Fwp%2Fv2%2Fmedia&parent=13847"}],"wp:term":[{"taxonomy":"category","embeddable":true,"href":"https:\/\/radiocresatelital.com\/index.php?rest_route=%2Fwp%2Fv2%2Fcategories&post=13847"},{"taxonomy":"post_tag","embeddable":true,"href":"https:\/\/radiocresatelital.com\/index.php?rest_route=%2Fwp%2Fv2%2Ftags&post=13847"}],"curies":[{"name":"wp","href":"https:\/\/api.w.org\/{rel}","templated":true}]}}