{"id":13838,"date":"2024-05-13T19:16:44","date_gmt":"2024-05-13T19:16:44","guid":{"rendered":"https:\/\/radiocresatelital.com\/?p=13838"},"modified":"2024-05-13T19:16:58","modified_gmt":"2024-05-13T19:16:58","slug":"concejo-municipal-aprueba-creacion-de-circular-ep-para-manejo-y-aprovechamiento-de-los-desechos","status":"publish","type":"post","link":"https:\/\/radiocresatelital.com\/?p=13838","title":{"rendered":"Concejo Municipal aprueba creaci\u00f3n de Circular EP para manejo y aprovechamiento de los desechos"},"content":{"rendered":"<p>Guayaquil.- El Concejo Municipal, liderado por el Alcalde Aquiles Alvarez, aprob\u00f3 \u2013en primer debate- el proyecto de ordenanza que regula la creaci\u00f3n y funcionamiento de la Empresa P\u00fablica Municipal de Econom\u00eda Circular de Aprovechamiento, Valorizaci\u00f3n y Disposici\u00f3n Final de Gesti\u00f3n de Residuos y Desechos, Circular EP.<\/p>\n<p>El personero municipal dijo que esta propuesta forma parte de la nueva visi\u00f3n municipal. \u201cCon los centros de acopio que vamos a tener, vamos a generarle opciones a los recicladores que trabajan de forma informal y tambi\u00e9n los vamos a censar, es parte del cambio que queremos en Guayaquil, esta empresa tiene un sentido social\u201d.<\/p>\n<p>La iniciativa fue planteada por el concejal Ra\u00fal Ch\u00e1vez, quien calific\u00f3 a la ordenanza como un hecho hist\u00f3rico que marcar\u00e1 un antes y un despu\u00e9s en el cant\u00f3n. \u201cSeguimos cumpliendo lo que ofrecimos en campa\u00f1a. Esta empresa p\u00fablica tiene como objetivo aprovechar el manejo de la basura que hoy est\u00e1<br \/>\nsiendo enterrada, con esto fortalecemos nuestro compromiso con el medio ambiente\u201d.<\/p>\n<p>Alvarez adelant\u00f3 que tambi\u00e9n se est\u00e1 trabajando en la creaci\u00f3n de la ordenanza para crear la empresa p\u00fablica de Asfalto. La intenci\u00f3n es marcar la pauta a proveedores con un nivel de asfalto alto. \u201cTambi\u00e9n estamos explorando la creaci\u00f3n de una ordenanza para la creaci\u00f3n de la empresa p\u00fablica de Energ\u00eda de Guayaquil\u201d.<\/p>\n<p>El Concejo Municipal tambi\u00e9n aprob\u00f3 la reforma a la ordenanza que cre\u00f3, a\u00f1os atr\u00e1s, la Empresa P\u00fablica Municipal de Tr\u00e1nsito y Movilidad de Guayaquil. Este cambio permite traspasar las atribuciones y competencias relacionadas a la planificaci\u00f3n de viabilidad urbana al Municipio.<\/p>\n<p>Adem\u00e1s, aprob\u00f3 el informe que viabiliza que el Cabildo pueda negociar con sus empresas p\u00fablicas, fundaciones, corporaciones y otras entidades adscritas al mismo el pago de obligaciones mediante el mecanismo de daci\u00f3n de pago de t\u00edtulos de valores con base al precio justo y acuerdo entre las partes.<\/p>\n","protected":false},"excerpt":{"rendered":"<p>Guayaquil.- El Concejo Municipal, liderado por el Alcalde Aquiles Alvarez, aprob\u00f3 \u2013en primer debate- el proyecto de ordenanza que regula la creaci\u00f3n y funcionamiento de la Empresa P\u00fablica Municipal de Econom\u00eda Circular de Aprovechamiento, Valorizaci\u00f3n y Disposici\u00f3n Final de Gesti\u00f3n de Residuos y Desechos, Circular EP. El personero municipal dijo que esta propuesta forma parte [&hellip;]<\/p>\n","protected":false},"author":2,"featured_media":13839,"comment_status":"open","ping_status":"closed","sticky":false,"template":"","format":"standard","meta":{"_jetpack_memberships_contains_paid_content":false,"footnotes":""},"categories":[13],"tags":[293],"class_list":["post-13838","post","type-post","status-publish","format-standard","has-post-thumbnail","hentry","category-noticias-nacionales","tag-alcaldia-de-guayaquil"],"jetpack_featured_media_url":"https:\/\/radiocresatelital.com\/wp-content\/uploads\/2024\/05\/1715610189550-scaled.jpg","jetpack_sharing_enabled":true,"_links":{"self":[{"href":"https:\/\/radiocresatelital.com\/index.php?rest_route=\/wp\/v2\/posts\/13838","targetHints":{"allow":["GET"]}}],"collection":[{"href":"https:\/\/radiocresatelital.com\/index.php?rest_route=\/wp\/v2\/posts"}],"about":[{"href":"https:\/\/radiocresatelital.com\/index.php?rest_route=\/wp\/v2\/types\/post"}],"author":[{"embeddable":true,"href":"https:\/\/radiocresatelital.com\/index.php?rest_route=\/wp\/v2\/users\/2"}],"replies":[{"embeddable":true,"href":"https:\/\/radiocresatelital.com\/index.php?rest_route=%2Fwp%2Fv2%2Fcomments&post=13838"}],"version-history":[{"count":1,"href":"https:\/\/radiocresatelital.com\/index.php?rest_route=\/wp\/v2\/posts\/13838\/revisions"}],"predecessor-version":[{"id":13840,"href":"https:\/\/radiocresatelital.com\/index.php?rest_route=\/wp\/v2\/posts\/13838\/revisions\/13840"}],"wp:featuredmedia":[{"embeddable":true,"href":"https:\/\/radiocresatelital.com\/index.php?rest_route=\/wp\/v2\/media\/13839"}],"wp:attachment":[{"href":"https:\/\/radiocresatelital.com\/index.php?rest_route=%2Fwp%2Fv2%2Fmedia&parent=13838"}],"wp:term":[{"taxonomy":"category","embeddable":true,"href":"https:\/\/radiocresatelital.com\/index.php?rest_route=%2Fwp%2Fv2%2Fcategories&post=13838"},{"taxonomy":"post_tag","embeddable":true,"href":"https:\/\/radiocresatelital.com\/index.php?rest_route=%2Fwp%2Fv2%2Ftags&post=13838"}],"curies":[{"name":"wp","href":"https:\/\/api.w.org\/{rel}","templated":true}]}}