{"id":13835,"date":"2024-05-13T17:55:38","date_gmt":"2024-05-13T17:55:38","guid":{"rendered":"https:\/\/radiocresatelital.com\/?p=13835"},"modified":"2024-05-13T17:55:38","modified_gmt":"2024-05-13T17:55:38","slug":"ministro-sensi-contugi-dirige-el-consejo-de-autoridades-de-la-zona-7-en-machala","status":"publish","type":"post","link":"https:\/\/radiocresatelital.com\/?p=13835","title":{"rendered":"Ministro Sensi Contugi dirige el Consejo de Autoridades de la Zona 7, en Machala"},"content":{"rendered":"<p>Machala.-\u00a0Con la presencia de los ministros de Gobierno, Michelle Sensi Contugi, y de Agricultura, Danilo Palacios, junto con altos funcionarios del Ejecutivo Desconcentrado, se realiz\u00f3 hoy el Consejo de Autoridades de la Zona 7, conformada por las provincias de El Oro, Loja y Zamora Chinchipe.<\/p>\n<p>\u00abEl Gobierno del Nuevo Ecuador trabajar\u00e1 sin descanso, con responsabilidad pol\u00edtica y mano dura en el control de la seguridad y la atenci\u00f3n de las necesidades de las familias ecuatorianas\u201d, dijo el ministro de Gobierno, Michelle Sensi Contugi, al iniciar el evento.<\/p>\n<p>Con este tipo de encuentros, el Gobierno Nacional promueve una efectiva coordinaci\u00f3n interinstitucional para la implementaci\u00f3n de pol\u00edticas p\u00fablicas y estrategias a favor de la gobernabilidad. Adem\u00e1s, busca atender las demandas locales de la poblaci\u00f3n en el territorio.<\/p>\n<p>El viceministro de Gobierno, Esteban Torres, quien tambi\u00e9n asisti\u00f3 a la reuni\u00f3n, destac\u00f3 la importancia de la gesti\u00f3n de la pol\u00edtica y la contenci\u00f3n de las amenazas en el territorio. En su intervenci\u00f3n, catalog\u00f3 a la provincia de El Oro como un \u201cejemplo de coordinaci\u00f3n\u201d, tras se\u00f1alar que, en este segundo momento pol\u00edtico, luego de la consulta popular y referendo del pasado 21 de abril, todo el Ejecutivo debe alinearse para atender a los ciudadanos que requieren de pol\u00edticas p\u00fablicas.<\/p>\n<p>A su turno, el gobernador de El Oro, Jimmy Blacio, subray\u00f3 el compromiso del Gobierno para ejecutar planes que mejoren la actual situaci\u00f3n de la provincia, a trav\u00e9s de una labor coordinada entre distintas instituciones. \u00abDe esta manera se han ejecutado m\u00e1s de 7.000 operativos a establecimientos, controles de precios y seguridad en la provincia\u00bb, detall\u00f3 el funcionario.<\/p>\n<p>En el encuentro, realizado en la sede del ECU-911 de Machala, participaron el subsecretario de Gobernabilidad, Luis \u00c1vila; la directora de la zona 7, Alexandra Jara, as\u00ed como representantes de los ministerios de Transporte y Obras P\u00fablicas; Educaci\u00f3n; Salud; Ambiente: Desarrollo Urbano y Vivienda.<\/p>\n<p>Los funcionarios explicaron que cada instituci\u00f3n ejecuta planes de desarrollo e inversi\u00f3n de acuerdo con sus competencias. Por ejemplo, Jimmy Bravo, delegado de la cartera de Vivienda, inform\u00f3 sobre la entrega de 159 viviendas en el cant\u00f3n Arenillas.<\/p>\n<p>Dicha cartera de Estado tambi\u00e9n ejecuta un plan habitacional en el cant\u00f3n el Guabo y construye la plaza La Hermandad en Huaquillas, ciudad fronteriza con el Per\u00fa, agreg\u00f3 Bravo.<\/p>\n<p>Al encuentro tambi\u00e9n asistieron autoridades de la Polic\u00eda Nacional, el Registro Civil, la Secretar\u00eda Nacional de Gesti\u00f3n de Riesgos, el Servicio de Rentas Internas, entre otros.<\/p>\n","protected":false},"excerpt":{"rendered":"<p>Machala.-\u00a0Con la presencia de los ministros de Gobierno, Michelle Sensi Contugi, y de Agricultura, Danilo Palacios, junto con altos funcionarios del Ejecutivo Desconcentrado, se realiz\u00f3 hoy el Consejo de Autoridades de la Zona 7, conformada por las provincias de El Oro, Loja y Zamora Chinchipe. \u00abEl Gobierno del Nuevo Ecuador trabajar\u00e1 sin descanso, con responsabilidad [&hellip;]<\/p>\n","protected":false},"author":2,"featured_media":13836,"comment_status":"open","ping_status":"closed","sticky":false,"template":"","format":"standard","meta":{"_jetpack_memberships_contains_paid_content":false,"footnotes":""},"categories":[13],"tags":[1715],"class_list":["post-13835","post","type-post","status-publish","format-standard","has-post-thumbnail","hentry","category-noticias-nacionales","tag-viceministro-de-gobierno"],"jetpack_featured_media_url":"https:\/\/radiocresatelital.com\/wp-content\/uploads\/2024\/05\/photo1715613528.jpeg","jetpack_sharing_enabled":true,"_links":{"self":[{"href":"https:\/\/radiocresatelital.com\/index.php?rest_route=\/wp\/v2\/posts\/13835","targetHints":{"allow":["GET"]}}],"collection":[{"href":"https:\/\/radiocresatelital.com\/index.php?rest_route=\/wp\/v2\/posts"}],"about":[{"href":"https:\/\/radiocresatelital.com\/index.php?rest_route=\/wp\/v2\/types\/post"}],"author":[{"embeddable":true,"href":"https:\/\/radiocresatelital.com\/index.php?rest_route=\/wp\/v2\/users\/2"}],"replies":[{"embeddable":true,"href":"https:\/\/radiocresatelital.com\/index.php?rest_route=%2Fwp%2Fv2%2Fcomments&post=13835"}],"version-history":[{"count":1,"href":"https:\/\/radiocresatelital.com\/index.php?rest_route=\/wp\/v2\/posts\/13835\/revisions"}],"predecessor-version":[{"id":13837,"href":"https:\/\/radiocresatelital.com\/index.php?rest_route=\/wp\/v2\/posts\/13835\/revisions\/13837"}],"wp:featuredmedia":[{"embeddable":true,"href":"https:\/\/radiocresatelital.com\/index.php?rest_route=\/wp\/v2\/media\/13836"}],"wp:attachment":[{"href":"https:\/\/radiocresatelital.com\/index.php?rest_route=%2Fwp%2Fv2%2Fmedia&parent=13835"}],"wp:term":[{"taxonomy":"category","embeddable":true,"href":"https:\/\/radiocresatelital.com\/index.php?rest_route=%2Fwp%2Fv2%2Fcategories&post=13835"},{"taxonomy":"post_tag","embeddable":true,"href":"https:\/\/radiocresatelital.com\/index.php?rest_route=%2Fwp%2Fv2%2Ftags&post=13835"}],"curies":[{"name":"wp","href":"https:\/\/api.w.org\/{rel}","templated":true}]}}